{"id":895,"date":"2013-10-05T14:46:58","date_gmt":"2013-10-05T13:46:58","guid":{"rendered":"http:\/\/amc-arnsberg.org\/?p=895"},"modified":"2020-10-23T21:04:38","modified_gmt":"2020-10-23T19:04:38","slug":"gesamtwertung-21-arnsberger-adac-klassik","status":"publish","type":"post","link":"https:\/\/www.amc-arnsberg.org\/?p=895","title":{"rendered":"Gesamtwertung 21. Arnsberger ADAC Klassik"},"content":{"rendered":"<p>Die Gesamtwertung f\u00fcr die 21. Arnsberger ADAC Klassik kann hier\u00c2\u00a0abgerufen werden:\u00c2\u00a0<a href=\"http:\/\/amc-arnsberg.org\/wp-content\/uploads\/2013\/09\/Gesamtwertung_2013.pdf\">Gesamtwertung_2013<\/a><\/p>\n<p>Die Fotos der Fahrtleitung k\u00f6nnen <a title=\"Fotos Klassiker 2013\" href=\"https:\/\/plus.google.com\/photos\/113321531218262487408\/albums\/5921204766502590833?authkey=CKm9_9vS7biK6AE\" target=\"_blank\" rel=\"noopener noreferrer\">hier<\/a> angesehen werden.<\/p>\n<p>Fotos der Siegerehrung sind jetzt unter dem Men\u00fcpunkt &#8222;Arnsberger Klassik&#8220; zu finden!<\/p>\n<p>Prof. Dr. Patrik Sensburg MdB aus dem HSK \u00c2\u00a0hat mit der stellv. B\u00fcrgermeisterin der Stadt Arnsberg Frau Rosi Goldner, die ersten Fahrzeuge auf die Reise geschickt.<\/p>\n<p>Hier ein Foto dazu:<\/p>\n<p><a href=\"http:\/\/amc-arnsberg.org\/wp-content\/uploads\/2013\/09\/DSCI0383.jpg\"><img loading=\"lazy\" decoding=\"async\" class=\"alignleft size-medium wp-image-917\" alt=\"Foto vom Start\" src=\"http:\/\/amc-arnsberg.org\/wp-content\/uploads\/2013\/09\/DSCI0383-300x225.jpg\" width=\"300\" height=\"225\" srcset=\"https:\/\/www.amc-arnsberg.org\/wp-content\/uploads\/2013\/09\/DSCI0383-300x225.jpg 300w, https:\/\/www.amc-arnsberg.org\/wp-content\/uploads\/2013\/09\/DSCI0383.jpg 1024w\" sizes=\"auto, (max-width: 300px) 100vw, 300px\" \/><\/a><\/p>\n<p>&nbsp;<\/p>\n<p>&nbsp;<\/p>\n<p>&nbsp;<\/p>\n<p>&nbsp;<\/p>\n<p>&nbsp;<\/p>\n<p>Ein Video zur Fahrt kann hier abgerufen werden:<br \/>\n<iframe loading=\"lazy\" src=\"http:\/\/www.dailymotion.com\/embed\/video\/x14ql2p?logo=on\" height=\"315\" width=\"560\" frameborder=\"0\"><\/iframe><\/p>\n","protected":false},"excerpt":{"rendered":"<p>Die Gesamtwertung f\u00fcr die 21. Arnsberger ADAC Klassik kann hier\u00c2\u00a0abgerufen werden:\u00c2\u00a0Gesamtwertung_2013 Die Fotos der Fahrtleitung k\u00f6nnen hier angesehen werden. Fotos der Siegerehrung sind jetzt unter dem Men\u00fcpunkt &#8222;Arnsberger Klassik&#8220; zu finden! Prof. Dr. Patrik Sensburg MdB aus dem HSK \u00c2\u00a0hat mit der stellv. B\u00fcrgermeisterin der Stadt Arnsberg Frau Rosi Goldner, die ersten Fahrzeuge auf die &hellip; <\/p>\n<p class=\"link-more\"><a href=\"https:\/\/www.amc-arnsberg.org\/?p=895\" class=\"more-link\"><span class=\"screen-reader-text\">\u201eGesamtwertung 21. Arnsberger ADAC Klassik\u201c<\/span> weiterlesen<\/a><\/p>\n","protected":false},"author":5,"featured_media":0,"comment_status":"open","ping_status":"open","sticky":false,"template":"","format":"standard","meta":{"footnotes":""},"categories":[3],"tags":[],"class_list":["post-895","post","type-post","status-publish","format-standard","hentry","category-arnsberger_klassik"],"_links":{"self":[{"href":"https:\/\/www.amc-arnsberg.org\/index.php?rest_route=\/wp\/v2\/posts\/895","targetHints":{"allow":["GET"]}}],"collection":[{"href":"https:\/\/www.amc-arnsberg.org\/index.php?rest_route=\/wp\/v2\/posts"}],"about":[{"href":"https:\/\/www.amc-arnsberg.org\/index.php?rest_route=\/wp\/v2\/types\/post"}],"author":[{"embeddable":true,"href":"https:\/\/www.amc-arnsberg.org\/index.php?rest_route=\/wp\/v2\/users\/5"}],"replies":[{"embeddable":true,"href":"https:\/\/www.amc-arnsberg.org\/index.php?rest_route=%2Fwp%2Fv2%2Fcomments&post=895"}],"version-history":[{"count":13,"href":"https:\/\/www.amc-arnsberg.org\/index.php?rest_route=\/wp\/v2\/posts\/895\/revisions"}],"predecessor-version":[{"id":4972,"href":"https:\/\/www.amc-arnsberg.org\/index.php?rest_route=\/wp\/v2\/posts\/895\/revisions\/4972"}],"wp:attachment":[{"href":"https:\/\/www.amc-arnsberg.org\/index.php?rest_route=%2Fwp%2Fv2%2Fmedia&parent=895"}],"wp:term":[{"taxonomy":"category","embeddable":true,"href":"https:\/\/www.amc-arnsberg.org\/index.php?rest_route=%2Fwp%2Fv2%2Fcategories&post=895"},{"taxonomy":"post_tag","embeddable":true,"href":"https:\/\/www.amc-arnsberg.org\/index.php?rest_route=%2Fwp%2Fv2%2Ftags&post=895"}],"curies":[{"name":"wp","href":"https:\/\/api.w.org\/{rel}","templated":true}]}}