{"id":7472,"date":"2025-05-31T20:00:00","date_gmt":"2025-05-31T18:00:00","guid":{"rendered":"https:\/\/amc-arnsberg.de\/?p=7472"},"modified":"2025-10-03T21:09:21","modified_gmt":"2025-10-03T19:09:21","slug":"12-arnsberger-cabrio-ausfahrt-am-26-05-2024-2-3","status":"publish","type":"post","link":"https:\/\/www.amc-arnsberg.org\/?p=7472","title":{"rendered":"13. Arnsberger Cabrio-Ausfahrt &#8211; Ergebnisse"},"content":{"rendered":"\n<p>Am Sonntag den 25.05.2025 wurde die Cabriofahrt bei Regen am Hammer Fachmarkt in Bruchhausen gestartet. Wetterbedingt konnten wir leider nur 13 von 21 gemeldeten Fahrzeugen auf die 80km Tour schicken.<\/p>\n\n\n\n<figure class=\"wp-block-gallery has-nested-images columns-4 is-cropped wp-block-gallery-1 is-layout-flex wp-block-gallery-is-layout-flex\">\n<figure class=\"wp-block-image size-large\"><a href=\"https:\/\/amc-arnsberg.de\/wp-content\/uploads\/2025\/08\/DSC02996-scaled.jpg\"><img loading=\"lazy\" decoding=\"async\" width=\"1024\" height=\"768\" data-id=\"7473\" src=\"https:\/\/amc-arnsberg.de\/wp-content\/uploads\/2025\/08\/DSC02996-1024x768.jpg\" alt=\"\" class=\"wp-image-7473\"\/><\/a><\/figure>\n\n\n\n<figure class=\"wp-block-image size-large\"><a href=\"https:\/\/amc-arnsberg.de\/wp-content\/uploads\/2025\/08\/DSC02987-scaled.jpg\"><img loading=\"lazy\" decoding=\"async\" width=\"1024\" height=\"768\" data-id=\"7474\" src=\"https:\/\/amc-arnsberg.de\/wp-content\/uploads\/2025\/08\/DSC02987-1024x768.jpg\" alt=\"\" class=\"wp-image-7474\"\/><\/a><\/figure>\n\n\n\n<figure class=\"wp-block-image size-large\"><a href=\"https:\/\/amc-arnsberg.de\/wp-content\/uploads\/2025\/08\/DSC02988-scaled.jpg\"><img loading=\"lazy\" decoding=\"async\" width=\"1024\" height=\"768\" data-id=\"7476\" src=\"https:\/\/amc-arnsberg.de\/wp-content\/uploads\/2025\/08\/DSC02988-1024x768.jpg\" alt=\"\" class=\"wp-image-7476\"\/><\/a><\/figure>\n\n\n\n<figure class=\"wp-block-image size-large\"><a href=\"https:\/\/amc-arnsberg.de\/wp-content\/uploads\/2025\/08\/DSC02989-scaled.jpg\"><img loading=\"lazy\" decoding=\"async\" width=\"1024\" height=\"768\" data-id=\"7475\" src=\"https:\/\/amc-arnsberg.de\/wp-content\/uploads\/2025\/08\/DSC02989-1024x768.jpg\" alt=\"\" class=\"wp-image-7475\"\/><\/a><\/figure>\n<\/figure>\n\n\n\n<p>Vom Start ging es \u00fcber Niedereimer nach Arnsberg \u00fcber den Galgenberg bis zur B229. Anschlie\u00dfend nach Karte \u00fcber die Bundesstra\u00dfe 229 zum 1. Parkplatz zur Wertungspr\u00fcfung WP 1. Bei der Wertungspr\u00fcfung WP1 musste ein Reaktionstest gemacht werden. Weiter ging es \u00fcber den Parkplatz am Torhaus zum M\u00f6hnesee. <\/p>\n\n\n\n<p>Am S\u00fcdufer entlang \u00fcber den Stockumer Damm geradeaus durch Stockum und K\u00f6rbecke in den Berlingser Weg. \u00dcber die L670 nach Berlingsen in den B\u00fcecker Weg nach B\u00fcecke. Weiter nach Kartenausschnitt \u00fcber den Parkplatz Sch\u00fctzenhaus B\u00fcecke. Hier waren rechts und links Bild 8 und 2, 2x auf zuschreiben. <\/p>\n\n\n\n<p>Danach vom Parkplatz rechts bis zur Kreuzung Richtung Wippringsen. \u00dcber die alte B1 rechts \u00fcber den Sankt-Agathe-Weg nach Theiningsen. In Deiringsen im Kreisverkehr die 5 Ausfahrt. Hier war das Bild 1 2x auf zuschreiben. <\/p>\n\n\n\n<p>Nach Meinigsen links in den Riskenweg wo die n\u00e4chste Frage beantwortet werden musste. Anschliessend rechts zur n\u00e4chsten Frage.(Welche Autobahn wird \u00fcberfahren?) Weiter ging es durch Ampen, Enkesen, Ostt\u00f6nnen, Ostt\u00f6nnen, Mawicke zum n\u00e4chsten Fotopunkt, Bild 5.<\/p>\n\n\n\n<p> Weiter \u00fcber die Hubertus-Sch\u00fctzenstr. Nach Westt\u00fcnnen auf dem Mawicker Weg steht rechts das Bild 6 Nach links und dann an der Kreuzung Westt\u00f6nner Bundesstra\u00dfe Richtung Werl. An der Ampel rechts nach Werl zum Bild 9 . Danach durch 2 Kreisverkehre Richtung Vierhausen. <\/p>\n\n\n\n<p>Vor Waltringen Fahrauftrag nach Karte. Hier waren die Baumaffen 19, 28, 19 auf zuschreiben. Die Fahrt ging weiter nach Waltringen. Scharf rechts in die Schl\u00fcngelstra\u00dfe zum n\u00e4chsten Bild 4 . Am Ende der Stra\u00dfe rechts Richtung Wickede. Vor der n\u00e4chsten Abbiegung Richtung Menden Kam das Bild 7. Links \u00fcber die Ruhr und Richtung Echthausen. Nach dem \u00fcberfahren der Bahnschienen und der Ruhr ging es nach H\u00fcnningen. <\/p>\n\n\n\n<p>Im Dorf musste das Bild 3 gefunden werden. Nun ging die Fahrt weiter Richtung L\u00fcttringen zur Frage mit den Eseln.Ab jetzt geht es \u00fcber die Werler Stra\u00dfe L732 durch Neheim, H\u00fcsten nach Bruchhausen bei sch\u00f6nem Wetter zur anschliessenden Wp2 und GLP1.<\/p>\n\n\n\n<figure class=\"wp-block-gallery has-nested-images columns-3 is-cropped wp-block-gallery-2 is-layout-flex wp-block-gallery-is-layout-flex\">\n<figure class=\"wp-block-image size-large\"><a href=\"https:\/\/amc-arnsberg.de\/wp-content\/uploads\/2025\/08\/DSC03006-scaled.jpg\"><img loading=\"lazy\" decoding=\"async\" width=\"1024\" height=\"768\" data-id=\"7478\" src=\"https:\/\/amc-arnsberg.de\/wp-content\/uploads\/2025\/08\/DSC03006-1024x768.jpg\" alt=\"\" class=\"wp-image-7478\"\/><\/a><\/figure>\n\n\n\n<figure class=\"wp-block-image size-large\"><a href=\"https:\/\/amc-arnsberg.de\/wp-content\/uploads\/2025\/08\/DSC03007-scaled.jpg\"><img loading=\"lazy\" decoding=\"async\" width=\"1024\" height=\"768\" data-id=\"7480\" src=\"https:\/\/amc-arnsberg.de\/wp-content\/uploads\/2025\/08\/DSC03007-1024x768.jpg\" alt=\"\" class=\"wp-image-7480\"\/><\/a><\/figure>\n\n\n\n<figure class=\"wp-block-image size-large\"><a href=\"https:\/\/amc-arnsberg.de\/wp-content\/uploads\/2025\/08\/DSC03008-scaled.jpg\"><img loading=\"lazy\" decoding=\"async\" width=\"1024\" height=\"768\" data-id=\"7479\" src=\"https:\/\/amc-arnsberg.de\/wp-content\/uploads\/2025\/08\/DSC03008-1024x768.jpg\" alt=\"\" class=\"wp-image-7479\"\/><\/a><\/figure>\n\n\n\n<figure class=\"wp-block-image size-large\"><a href=\"https:\/\/amc-arnsberg.de\/wp-content\/uploads\/2025\/08\/DSC03010-scaled.jpg\"><img loading=\"lazy\" decoding=\"async\" width=\"1024\" height=\"768\" data-id=\"7477\" src=\"https:\/\/amc-arnsberg.de\/wp-content\/uploads\/2025\/08\/DSC03010-1024x768.jpg\" alt=\"\" class=\"wp-image-7477\"\/><\/a><\/figure>\n<\/figure>\n\n\n\n<p>Baumaffen 14, 12, 14, 14 war an der Spargelbude, 12 an der Erdbeerbude. Fast geschafft! Noch einmal recht die 25 nicht vergessen auf zuschreiben und dann im Ziel am Clublokal bei K\u00f6rner.<\/p>\n\n\n\n<div class=\"wp-block-file\"><a id=\"wp-block-file--media-c6423035-162b-484a-84fe-b9d6b72d1086\" href=\"https:\/\/amc-arnsberg.de\/wp-content\/uploads\/2025\/05\/Loesung-Bordbuch-Cabrio-2025-V04.pdf\">L\u00f6sung Bordbuch Cabrio 2025<\/a><a href=\"https:\/\/amc-arnsberg.de\/wp-content\/uploads\/2025\/05\/Loesung-Bordbuch-Cabrio-2025-V04.pdf\" class=\"wp-block-file__button wp-element-button\" download aria-describedby=\"wp-block-file--media-c6423035-162b-484a-84fe-b9d6b72d1086\">Herunterladen<\/a><\/div>\n\n\n\n<div class=\"wp-block-file\"><a id=\"wp-block-file--media-8280d710-c6b3-4bd8-93ca-04d50245727b\" href=\"https:\/\/amc-arnsberg.de\/wp-content\/uploads\/2025\/05\/Bordkarte-Cabrio-2025_Loesung-02.pdf\">Bordkarte Cabrio 2025<\/a><a href=\"https:\/\/amc-arnsberg.de\/wp-content\/uploads\/2025\/05\/Bordkarte-Cabrio-2025_Loesung-02.pdf\" class=\"wp-block-file__button wp-element-button\" download aria-describedby=\"wp-block-file--media-8280d710-c6b3-4bd8-93ca-04d50245727b\">Herunterladen<\/a><\/div>\n\n\n\n<p><\/p>\n\n\n\n<p><\/p>\n","protected":false},"excerpt":{"rendered":"<p>Am Sonntag den 25.05.2025 wurde die Cabriofahrt bei Regen am Hammer Fachmarkt in Bruchhausen gestartet. Wetterbedingt konnten wir leider nur 13 von 21 gemeldeten Fahrzeugen auf die 80km Tour schicken. Vom Start ging es \u00fcber Niedereimer nach Arnsberg \u00fcber den Galgenberg bis zur B229. Anschlie\u00dfend nach Karte \u00fcber die Bundesstra\u00dfe 229 zum 1. Parkplatz zur &hellip; <\/p>\n<p class=\"link-more\"><a href=\"https:\/\/www.amc-arnsberg.org\/?p=7472\" class=\"more-link\"><span class=\"screen-reader-text\">\u201e13. Arnsberger Cabrio-Ausfahrt &#8211; Ergebnisse\u201c<\/span> weiterlesen<\/a><\/p>\n","protected":false},"author":8,"featured_media":0,"comment_status":"open","ping_status":"open","sticky":false,"template":"","format":"standard","meta":{"footnotes":""},"categories":[1,20],"tags":[],"class_list":["post-7472","post","type-post","status-publish","format-standard","hentry","category-unkategorisiert","category-cabrio-ausfahrten"],"_links":{"self":[{"href":"https:\/\/www.amc-arnsberg.org\/index.php?rest_route=\/wp\/v2\/posts\/7472","targetHints":{"allow":["GET"]}}],"collection":[{"href":"https:\/\/www.amc-arnsberg.org\/index.php?rest_route=\/wp\/v2\/posts"}],"about":[{"href":"https:\/\/www.amc-arnsberg.org\/index.php?rest_route=\/wp\/v2\/types\/post"}],"author":[{"embeddable":true,"href":"https:\/\/www.amc-arnsberg.org\/index.php?rest_route=\/wp\/v2\/users\/8"}],"replies":[{"embeddable":true,"href":"https:\/\/www.amc-arnsberg.org\/index.php?rest_route=%2Fwp%2Fv2%2Fcomments&post=7472"}],"version-history":[{"count":3,"href":"https:\/\/www.amc-arnsberg.org\/index.php?rest_route=\/wp\/v2\/posts\/7472\/revisions"}],"predecessor-version":[{"id":7556,"href":"https:\/\/www.amc-arnsberg.org\/index.php?rest_route=\/wp\/v2\/posts\/7472\/revisions\/7556"}],"wp:attachment":[{"href":"https:\/\/www.amc-arnsberg.org\/index.php?rest_route=%2Fwp%2Fv2%2Fmedia&parent=7472"}],"wp:term":[{"taxonomy":"category","embeddable":true,"href":"https:\/\/www.amc-arnsberg.org\/index.php?rest_route=%2Fwp%2Fv2%2Fcategories&post=7472"},{"taxonomy":"post_tag","embeddable":true,"href":"https:\/\/www.amc-arnsberg.org\/index.php?rest_route=%2Fwp%2Fv2%2Ftags&post=7472"}],"curies":[{"name":"wp","href":"https:\/\/api.w.org\/{rel}","templated":true}]}}