{"id":7193,"date":"2024-11-03T11:37:10","date_gmt":"2024-11-03T10:37:10","guid":{"rendered":"https:\/\/amc-arnsberg.de\/?p=7193"},"modified":"2025-02-15T12:01:57","modified_gmt":"2025-02-15T11:01:57","slug":"jahresabschlussfeier-am-13-12-2024","status":"publish","type":"post","link":"https:\/\/www.amc-arnsberg.org\/?p=7193","title":{"rendered":"Jahresabschlussfeier am 13.12.2024"},"content":{"rendered":"\n<p><em>Update &#8211; 18.12.2024<\/em><\/p>\n\n\n\n<p>Traditionell waren alle Helferinnen und Helfer der Arnsberger Klassikerfahrt eingeladen &#8211; als &#8222;Dankesch\u00f6n&#8220; f\u00fcr die tatkr\u00e4ftige Unterst\u00fctzung. <\/p>\n\n\n\n<p>Der Gr\u00fcnkohl mit Mettw\u00fcrstchen durfte nat\u00fcrlich nicht fehlen und nach der Begr\u00fc\u00dfung, durch unseren Club-Vorsitzenden Heinz Schulte-Hobein, wurde das Buffet er\u00f6ffnet. Nach dem Essen folgte der offizielle Teil, um danach in geselliger Runde den Abend ausklingen zu lassen.<\/p>\n\n\n\n<p>Begonnen wurde mit den Ehrungen unserer langj\u00e4hrigen ADAC Mitglieder.<\/p>\n\n\n\n<figure class=\"wp-block-image size-full\"><a href=\"https:\/\/amc-arnsberg.de\/wp-content\/uploads\/2024\/11\/DSC02609.jpg\"><img loading=\"lazy\" decoding=\"async\" width=\"1024\" height=\"683\" src=\"https:\/\/amc-arnsberg.de\/wp-content\/uploads\/2024\/11\/DSC02609.jpg\" alt=\"\" class=\"wp-image-7274\" srcset=\"https:\/\/www.amc-arnsberg.org\/wp-content\/uploads\/2024\/11\/DSC02609.jpg 1024w, https:\/\/www.amc-arnsberg.org\/wp-content\/uploads\/2024\/11\/DSC02609-300x200.jpg 300w, https:\/\/www.amc-arnsberg.org\/wp-content\/uploads\/2024\/11\/DSC02609-768x512.jpg 768w\" sizes=\"auto, (max-width: 767px) 89vw, (max-width: 1000px) 54vw, (max-width: 1071px) 543px, 580px\" \/><\/a><\/figure>\n\n\n\n<p>Weiter ging es mit unseren beiden Ehrenmitgliedern <strong>Peter Klatecki<\/strong> und <strong>Gerd Schulte<\/strong>, die federf\u00fchrend f\u00fcr den Erfolg und die Ausrichtung des AMC Arnsberg sind. Erich Schriek und Heinz Schulte-Hobein hielten die jeweilige Laudatio. F\u00fcr jene, die noch nicht so lange aktiv im Club  sind, war es wahnsinnig interessant zu erfahren, was diese beiden Menschen geleistet haben.<\/p>\n\n\n\n<figure class=\"wp-block-image size-full\"><a href=\"https:\/\/amc-arnsberg.de\/wp-content\/uploads\/2024\/11\/DSC02619.jpg\"><img loading=\"lazy\" decoding=\"async\" width=\"1024\" height=\"683\" src=\"https:\/\/amc-arnsberg.de\/wp-content\/uploads\/2024\/11\/DSC02619.jpg\" alt=\"\" class=\"wp-image-7275\" srcset=\"https:\/\/www.amc-arnsberg.org\/wp-content\/uploads\/2024\/11\/DSC02619.jpg 1024w, https:\/\/www.amc-arnsberg.org\/wp-content\/uploads\/2024\/11\/DSC02619-300x200.jpg 300w, https:\/\/www.amc-arnsberg.org\/wp-content\/uploads\/2024\/11\/DSC02619-768x512.jpg 768w\" sizes=\"auto, (max-width: 767px) 89vw, (max-width: 1000px) 54vw, (max-width: 1071px) 543px, 580px\" \/><\/a><\/figure>\n\n\n\n<p>Die Clubmeisterschaft 2024 wurde entschieden und diesmal waren die ersten Pl\u00e4tze auch sehr dicht beieinander.<\/p>\n\n\n\n<ol class=\"wp-block-list\">\n<li>Udo Sroka und Patrick Sroka<\/li>\n\n\n\n<li>J\u00fcrgen Kunstmann und Michael Danne<\/li>\n\n\n\n<li>Bernd Ross und Heinz Schulte-Hobein<\/li>\n<\/ol>\n\n\n\n<figure class=\"wp-block-gallery has-nested-images columns-default is-cropped wp-block-gallery-1 is-layout-flex wp-block-gallery-is-layout-flex\">\n<figure class=\"wp-block-image size-large\"><a href=\"https:\/\/amc-arnsberg.de\/wp-content\/uploads\/2024\/11\/DSC02631-1.jpg\"><img loading=\"lazy\" decoding=\"async\" width=\"1024\" height=\"683\" data-id=\"7280\" src=\"https:\/\/amc-arnsberg.de\/wp-content\/uploads\/2024\/11\/DSC02631-1.jpg\" alt=\"\" class=\"wp-image-7280\" srcset=\"https:\/\/www.amc-arnsberg.org\/wp-content\/uploads\/2024\/11\/DSC02631-1.jpg 1024w, https:\/\/www.amc-arnsberg.org\/wp-content\/uploads\/2024\/11\/DSC02631-1-300x200.jpg 300w, https:\/\/www.amc-arnsberg.org\/wp-content\/uploads\/2024\/11\/DSC02631-1-768x512.jpg 768w\" sizes=\"auto, (max-width: 767px) 89vw, (max-width: 1000px) 54vw, (max-width: 1071px) 543px, 580px\" \/><\/a><\/figure>\n\n\n\n<figure class=\"wp-block-image size-large\"><a href=\"https:\/\/amc-arnsberg.de\/wp-content\/uploads\/2024\/11\/DSC02633-1.jpg\"><img loading=\"lazy\" decoding=\"async\" width=\"1024\" height=\"683\" data-id=\"7279\" src=\"https:\/\/amc-arnsberg.de\/wp-content\/uploads\/2024\/11\/DSC02633-1.jpg\" alt=\"\" class=\"wp-image-7279\" srcset=\"https:\/\/www.amc-arnsberg.org\/wp-content\/uploads\/2024\/11\/DSC02633-1.jpg 1024w, https:\/\/www.amc-arnsberg.org\/wp-content\/uploads\/2024\/11\/DSC02633-1-300x200.jpg 300w, https:\/\/www.amc-arnsberg.org\/wp-content\/uploads\/2024\/11\/DSC02633-1-768x512.jpg 768w\" sizes=\"auto, (max-width: 767px) 89vw, (max-width: 1000px) 54vw, (max-width: 1071px) 543px, 580px\" \/><\/a><\/figure>\n\n\n\n<figure class=\"wp-block-image size-large\"><a href=\"https:\/\/amc-arnsberg.de\/wp-content\/uploads\/2024\/11\/DSC02643.jpg\"><img loading=\"lazy\" decoding=\"async\" width=\"1024\" height=\"683\" data-id=\"7281\" src=\"https:\/\/amc-arnsberg.de\/wp-content\/uploads\/2024\/11\/DSC02643.jpg\" alt=\"\" class=\"wp-image-7281\" srcset=\"https:\/\/www.amc-arnsberg.org\/wp-content\/uploads\/2024\/11\/DSC02643.jpg 1024w, https:\/\/www.amc-arnsberg.org\/wp-content\/uploads\/2024\/11\/DSC02643-300x200.jpg 300w, https:\/\/www.amc-arnsberg.org\/wp-content\/uploads\/2024\/11\/DSC02643-768x512.jpg 768w\" sizes=\"auto, (max-width: 767px) 89vw, (max-width: 1000px) 54vw, (max-width: 1071px) 543px, 580px\" \/><\/a><\/figure>\n<\/figure>\n\n\n\n<p>Die Sieger der Theodor Kronenbergfahrt und der Dieter Zantner Ged\u00e4chtnisfahrt sind ebenfalls <strong>Udo<\/strong> und <strong>Patrick Sroka<\/strong>.<\/p>\n\n\n\n<figure class=\"wp-block-gallery has-nested-images columns-default is-cropped wp-block-gallery-2 is-layout-flex wp-block-gallery-is-layout-flex\">\n<figure class=\"wp-block-image size-large\"><a href=\"https:\/\/amc-arnsberg.de\/wp-content\/uploads\/2024\/11\/DSC02637-1.jpg\"><img loading=\"lazy\" decoding=\"async\" width=\"1024\" height=\"682\" data-id=\"7283\" src=\"https:\/\/amc-arnsberg.de\/wp-content\/uploads\/2024\/11\/DSC02637-1.jpg\" alt=\"\" class=\"wp-image-7283\" srcset=\"https:\/\/www.amc-arnsberg.org\/wp-content\/uploads\/2024\/11\/DSC02637-1.jpg 1024w, https:\/\/www.amc-arnsberg.org\/wp-content\/uploads\/2024\/11\/DSC02637-1-300x200.jpg 300w, https:\/\/www.amc-arnsberg.org\/wp-content\/uploads\/2024\/11\/DSC02637-1-768x512.jpg 768w\" sizes=\"auto, (max-width: 767px) 89vw, (max-width: 1000px) 54vw, (max-width: 1071px) 543px, 580px\" \/><\/a><\/figure>\n\n\n\n<figure class=\"wp-block-image size-large\"><a href=\"https:\/\/amc-arnsberg.de\/wp-content\/uploads\/2024\/11\/DSC02638-1.jpg\"><img loading=\"lazy\" decoding=\"async\" width=\"1024\" height=\"683\" data-id=\"7284\" src=\"https:\/\/amc-arnsberg.de\/wp-content\/uploads\/2024\/11\/DSC02638-1.jpg\" alt=\"\" class=\"wp-image-7284\" srcset=\"https:\/\/www.amc-arnsberg.org\/wp-content\/uploads\/2024\/11\/DSC02638-1.jpg 1024w, https:\/\/www.amc-arnsberg.org\/wp-content\/uploads\/2024\/11\/DSC02638-1-300x200.jpg 300w, https:\/\/www.amc-arnsberg.org\/wp-content\/uploads\/2024\/11\/DSC02638-1-768x512.jpg 768w\" sizes=\"auto, (max-width: 767px) 89vw, (max-width: 1000px) 54vw, (max-width: 1071px) 543px, 580px\" \/><\/a><\/figure>\n<\/figure>\n\n\n\n<p>Ohne tatkr\u00e4ftige Organisation, Unterst\u00fctzung oder dem Wohl der Teilnehmer geht nat\u00fcrlich gar nichts und keine Veranstaltung w\u00e4re erfolgreich. <strong>Dirk Waldeyer<\/strong> und <strong>Gabi Kunstmann<\/strong> sind sich der Dankbarkeit aller sicher!<\/p>\n\n\n\n<figure class=\"wp-block-gallery has-nested-images columns-default is-cropped wp-block-gallery-3 is-layout-flex wp-block-gallery-is-layout-flex\">\n<figure class=\"wp-block-image size-large\"><a href=\"https:\/\/amc-arnsberg.de\/wp-content\/uploads\/2024\/11\/DSC02647.jpg\"><img loading=\"lazy\" decoding=\"async\" width=\"1024\" height=\"683\" data-id=\"7287\" src=\"https:\/\/amc-arnsberg.de\/wp-content\/uploads\/2024\/11\/DSC02647.jpg\" alt=\"\" class=\"wp-image-7287\" srcset=\"https:\/\/www.amc-arnsberg.org\/wp-content\/uploads\/2024\/11\/DSC02647.jpg 1024w, https:\/\/www.amc-arnsberg.org\/wp-content\/uploads\/2024\/11\/DSC02647-300x200.jpg 300w, https:\/\/www.amc-arnsberg.org\/wp-content\/uploads\/2024\/11\/DSC02647-768x512.jpg 768w\" sizes=\"auto, (max-width: 767px) 89vw, (max-width: 1000px) 54vw, (max-width: 1071px) 543px, 580px\" \/><\/a><\/figure>\n\n\n\n<figure class=\"wp-block-image size-large\"><a href=\"https:\/\/amc-arnsberg.de\/wp-content\/uploads\/2024\/11\/DSC02648.jpg\"><img loading=\"lazy\" decoding=\"async\" width=\"1024\" height=\"683\" data-id=\"7286\" src=\"https:\/\/amc-arnsberg.de\/wp-content\/uploads\/2024\/11\/DSC02648.jpg\" alt=\"\" class=\"wp-image-7286\" srcset=\"https:\/\/www.amc-arnsberg.org\/wp-content\/uploads\/2024\/11\/DSC02648.jpg 1024w, https:\/\/www.amc-arnsberg.org\/wp-content\/uploads\/2024\/11\/DSC02648-300x200.jpg 300w, https:\/\/www.amc-arnsberg.org\/wp-content\/uploads\/2024\/11\/DSC02648-768x512.jpg 768w\" sizes=\"auto, (max-width: 767px) 89vw, (max-width: 1000px) 54vw, (max-width: 1071px) 543px, 580px\" \/><\/a><\/figure>\n\n\n\n<figure class=\"wp-block-image size-large\"><a href=\"https:\/\/amc-arnsberg.de\/wp-content\/uploads\/2024\/11\/DSC02650.jpg\"><img loading=\"lazy\" decoding=\"async\" width=\"1024\" height=\"683\" data-id=\"7285\" src=\"https:\/\/amc-arnsberg.de\/wp-content\/uploads\/2024\/11\/DSC02650.jpg\" alt=\"\" class=\"wp-image-7285\" srcset=\"https:\/\/www.amc-arnsberg.org\/wp-content\/uploads\/2024\/11\/DSC02650.jpg 1024w, https:\/\/www.amc-arnsberg.org\/wp-content\/uploads\/2024\/11\/DSC02650-300x200.jpg 300w, https:\/\/www.amc-arnsberg.org\/wp-content\/uploads\/2024\/11\/DSC02650-768x512.jpg 768w\" sizes=\"auto, (max-width: 767px) 89vw, (max-width: 1000px) 54vw, (max-width: 1071px) 543px, 580px\" \/><\/a><\/figure>\n<\/figure>\n\n\n\n<p>Zuletzt sei noch unser Sportler des Jahres, <strong>Bernd Ross<\/strong>, genannt, der in der &#8222;Touristische Oldtimer Serie Westfalen&#8220; den <strong>3. Platz<\/strong> von insgesamt 621 Teilnehmern erreicht hat. Die Siegerehrung des ADAC findet erst im n\u00e4chsten Jahr statt.<\/p>\n\n\n\n<figure class=\"wp-block-image size-full\"><a href=\"https:\/\/amc-arnsberg.de\/wp-content\/uploads\/2024\/11\/DSC02654.jpg\"><img loading=\"lazy\" decoding=\"async\" width=\"1024\" height=\"683\" src=\"https:\/\/amc-arnsberg.de\/wp-content\/uploads\/2024\/11\/DSC02654.jpg\" alt=\"\" class=\"wp-image-7288\" srcset=\"https:\/\/www.amc-arnsberg.org\/wp-content\/uploads\/2024\/11\/DSC02654.jpg 1024w, https:\/\/www.amc-arnsberg.org\/wp-content\/uploads\/2024\/11\/DSC02654-300x200.jpg 300w, https:\/\/www.amc-arnsberg.org\/wp-content\/uploads\/2024\/11\/DSC02654-768x512.jpg 768w\" sizes=\"auto, (max-width: 767px) 89vw, (max-width: 1000px) 54vw, (max-width: 1071px) 543px, 580px\" \/><\/a><\/figure>\n\n\n\n<p>Anbei weitere Bilder der Jahresabschlussfeier.<\/p>\n\n\n\n<figure class=\"wp-block-gallery has-nested-images columns-default is-cropped wp-block-gallery-4 is-layout-flex wp-block-gallery-is-layout-flex\">\n<figure class=\"wp-block-image size-large\"><a href=\"https:\/\/amc-arnsberg.de\/wp-content\/uploads\/2024\/11\/DSC02608.jpg\"><img loading=\"lazy\" decoding=\"async\" width=\"1024\" height=\"683\" data-id=\"7294\" src=\"https:\/\/amc-arnsberg.de\/wp-content\/uploads\/2024\/11\/DSC02608.jpg\" alt=\"\" class=\"wp-image-7294\" srcset=\"https:\/\/www.amc-arnsberg.org\/wp-content\/uploads\/2024\/11\/DSC02608.jpg 1024w, https:\/\/www.amc-arnsberg.org\/wp-content\/uploads\/2024\/11\/DSC02608-300x200.jpg 300w, https:\/\/www.amc-arnsberg.org\/wp-content\/uploads\/2024\/11\/DSC02608-768x512.jpg 768w\" sizes=\"auto, (max-width: 767px) 89vw, (max-width: 1000px) 54vw, (max-width: 1071px) 543px, 580px\" \/><\/a><\/figure>\n\n\n\n<figure class=\"wp-block-image size-large\"><a href=\"https:\/\/amc-arnsberg.de\/wp-content\/uploads\/2024\/11\/DSC02622.jpg\"><img loading=\"lazy\" decoding=\"async\" width=\"683\" height=\"1024\" data-id=\"7291\" src=\"https:\/\/amc-arnsberg.de\/wp-content\/uploads\/2024\/11\/DSC02622.jpg\" alt=\"\" class=\"wp-image-7291\" srcset=\"https:\/\/www.amc-arnsberg.org\/wp-content\/uploads\/2024\/11\/DSC02622.jpg 683w, https:\/\/www.amc-arnsberg.org\/wp-content\/uploads\/2024\/11\/DSC02622-200x300.jpg 200w\" sizes=\"auto, (max-width: 683px) 100vw, 683px\" \/><\/a><\/figure>\n\n\n\n<figure class=\"wp-block-image size-large\"><a href=\"https:\/\/amc-arnsberg.de\/wp-content\/uploads\/2024\/11\/DSC02623.jpg\"><img loading=\"lazy\" decoding=\"async\" width=\"1024\" height=\"683\" data-id=\"7293\" src=\"https:\/\/amc-arnsberg.de\/wp-content\/uploads\/2024\/11\/DSC02623.jpg\" alt=\"\" class=\"wp-image-7293\" srcset=\"https:\/\/www.amc-arnsberg.org\/wp-content\/uploads\/2024\/11\/DSC02623.jpg 1024w, https:\/\/www.amc-arnsberg.org\/wp-content\/uploads\/2024\/11\/DSC02623-300x200.jpg 300w, https:\/\/www.amc-arnsberg.org\/wp-content\/uploads\/2024\/11\/DSC02623-768x512.jpg 768w\" sizes=\"auto, (max-width: 767px) 89vw, (max-width: 1000px) 54vw, (max-width: 1071px) 543px, 580px\" \/><\/a><\/figure>\n\n\n\n<figure class=\"wp-block-image size-large\"><a href=\"https:\/\/amc-arnsberg.de\/wp-content\/uploads\/2024\/11\/DSC02625.jpg\"><img loading=\"lazy\" decoding=\"async\" width=\"1024\" height=\"683\" data-id=\"7292\" src=\"https:\/\/amc-arnsberg.de\/wp-content\/uploads\/2024\/11\/DSC02625.jpg\" alt=\"\" class=\"wp-image-7292\" srcset=\"https:\/\/www.amc-arnsberg.org\/wp-content\/uploads\/2024\/11\/DSC02625.jpg 1024w, https:\/\/www.amc-arnsberg.org\/wp-content\/uploads\/2024\/11\/DSC02625-300x200.jpg 300w, https:\/\/www.amc-arnsberg.org\/wp-content\/uploads\/2024\/11\/DSC02625-768x512.jpg 768w\" sizes=\"auto, (max-width: 767px) 89vw, (max-width: 1000px) 54vw, (max-width: 1071px) 543px, 580px\" \/><\/a><\/figure>\n\n\n\n<figure class=\"wp-block-image size-large\"><a href=\"https:\/\/amc-arnsberg.de\/wp-content\/uploads\/2024\/11\/DSC02626.jpg\"><img loading=\"lazy\" decoding=\"async\" width=\"1024\" height=\"682\" data-id=\"7290\" src=\"https:\/\/amc-arnsberg.de\/wp-content\/uploads\/2024\/11\/DSC02626.jpg\" alt=\"\" class=\"wp-image-7290\" srcset=\"https:\/\/www.amc-arnsberg.org\/wp-content\/uploads\/2024\/11\/DSC02626.jpg 1024w, https:\/\/www.amc-arnsberg.org\/wp-content\/uploads\/2024\/11\/DSC02626-300x200.jpg 300w, https:\/\/www.amc-arnsberg.org\/wp-content\/uploads\/2024\/11\/DSC02626-768x512.jpg 768w\" sizes=\"auto, (max-width: 767px) 89vw, (max-width: 1000px) 54vw, (max-width: 1071px) 543px, 580px\" \/><\/a><\/figure>\n\n\n\n<figure class=\"wp-block-image size-large\"><a href=\"https:\/\/amc-arnsberg.de\/wp-content\/uploads\/2024\/11\/DSC02627.jpg\"><img loading=\"lazy\" decoding=\"async\" width=\"1024\" height=\"683\" data-id=\"7289\" src=\"https:\/\/amc-arnsberg.de\/wp-content\/uploads\/2024\/11\/DSC02627.jpg\" alt=\"\" class=\"wp-image-7289\" srcset=\"https:\/\/www.amc-arnsberg.org\/wp-content\/uploads\/2024\/11\/DSC02627.jpg 1024w, https:\/\/www.amc-arnsberg.org\/wp-content\/uploads\/2024\/11\/DSC02627-300x200.jpg 300w, https:\/\/www.amc-arnsberg.org\/wp-content\/uploads\/2024\/11\/DSC02627-768x512.jpg 768w\" sizes=\"auto, (max-width: 767px) 89vw, (max-width: 1000px) 54vw, (max-width: 1071px) 543px, 580px\" \/><\/a><\/figure>\n<\/figure>\n\n\n\n<p><\/p>\n\n\n\n<p><em>03.11.2024<\/em><\/p>\n\n\n\n<p>Dieses Jahr findet unsere Jahresabschlussfeier am Freitag den 13ten statt. Der Clubabend am Donnerstag zuvor findet deswegen nicht statt.<\/p>\n\n\n\n<p>Wie immer treffen wir uns in der <strong>Dorfsch\u00e4nke K\u00f6rner<\/strong> zu einer geselligen Runde und munteren beisammen sein.<\/p>\n\n\n\n<p><em>Dorfsch\u00e4nke K\u00f6rner<br>Bruchhausener Str. 27<br>59759 Arnsberg<\/em><\/p>\n\n\n\n<p><\/p>\n\n\n\n<p><\/p>\n\n\n\n<p><\/p>\n","protected":false},"excerpt":{"rendered":"<p>Update &#8211; 18.12.2024 Traditionell waren alle Helferinnen und Helfer der Arnsberger Klassikerfahrt eingeladen &#8211; als &#8222;Dankesch\u00f6n&#8220; f\u00fcr die tatkr\u00e4ftige Unterst\u00fctzung. Der Gr\u00fcnkohl mit Mettw\u00fcrstchen durfte nat\u00fcrlich nicht fehlen und nach der Begr\u00fc\u00dfung, durch unseren Club-Vorsitzenden Heinz Schulte-Hobein, wurde das Buffet er\u00f6ffnet. Nach dem Essen folgte der offizielle Teil, um danach in geselliger Runde den Abend &hellip; <\/p>\n<p class=\"link-more\"><a href=\"https:\/\/www.amc-arnsberg.org\/?p=7193\" class=\"more-link\"><span class=\"screen-reader-text\">\u201eJahresabschlussfeier am 13.12.2024\u201c<\/span> weiterlesen<\/a><\/p>\n","protected":false},"author":8,"featured_media":0,"comment_status":"open","ping_status":"open","sticky":false,"template":"","format":"standard","meta":{"footnotes":""},"categories":[1,18],"tags":[],"class_list":["post-7193","post","type-post","status-publish","format-standard","hentry","category-unkategorisiert","category-feiern"],"_links":{"self":[{"href":"https:\/\/www.amc-arnsberg.org\/index.php?rest_route=\/wp\/v2\/posts\/7193","targetHints":{"allow":["GET"]}}],"collection":[{"href":"https:\/\/www.amc-arnsberg.org\/index.php?rest_route=\/wp\/v2\/posts"}],"about":[{"href":"https:\/\/www.amc-arnsberg.org\/index.php?rest_route=\/wp\/v2\/types\/post"}],"author":[{"embeddable":true,"href":"https:\/\/www.amc-arnsberg.org\/index.php?rest_route=\/wp\/v2\/users\/8"}],"replies":[{"embeddable":true,"href":"https:\/\/www.amc-arnsberg.org\/index.php?rest_route=%2Fwp%2Fv2%2Fcomments&post=7193"}],"version-history":[{"count":4,"href":"https:\/\/www.amc-arnsberg.org\/index.php?rest_route=\/wp\/v2\/posts\/7193\/revisions"}],"predecessor-version":[{"id":7344,"href":"https:\/\/www.amc-arnsberg.org\/index.php?rest_route=\/wp\/v2\/posts\/7193\/revisions\/7344"}],"wp:attachment":[{"href":"https:\/\/www.amc-arnsberg.org\/index.php?rest_route=%2Fwp%2Fv2%2Fmedia&parent=7193"}],"wp:term":[{"taxonomy":"category","embeddable":true,"href":"https:\/\/www.amc-arnsberg.org\/index.php?rest_route=%2Fwp%2Fv2%2Fcategories&post=7193"},{"taxonomy":"post_tag","embeddable":true,"href":"https:\/\/www.amc-arnsberg.org\/index.php?rest_route=%2Fwp%2Fv2%2Ftags&post=7193"}],"curies":[{"name":"wp","href":"https:\/\/api.w.org\/{rel}","templated":true}]}}