{"id":6707,"date":"2024-03-23T21:04:55","date_gmt":"2024-03-23T20:04:55","guid":{"rendered":"https:\/\/amc-arnsberg.de\/?p=6707"},"modified":"2024-03-23T21:07:50","modified_gmt":"2024-03-23T20:07:50","slug":"info-abend","status":"publish","type":"post","link":"https:\/\/www.amc-arnsberg.org\/?p=6707","title":{"rendered":"Info-Abend"},"content":{"rendered":"\n<h4 class=\"wp-block-heading\">Auto- und Radfahrer gemeinsam im Stra\u00dfenverkehr<\/h4>\n\n\n\n<p>Am <strong>18. April 2024<\/strong> er\u00f6ffnen wir unsere neue Veranstaltungsreihe \u201eInfo-Abend\u201c mit dem Thema \u201eAuto- und Radfahrer gemeinsam im Stra\u00dfenverkehr\u201c.<\/p>\n\n\n\n<figure class=\"wp-block-image size-full\"><a href=\"https:\/\/amc-arnsberg.de\/wp-content\/uploads\/2024\/03\/IMG-20230604-WA0005-002-768x576-1.jpg\"><img loading=\"lazy\" decoding=\"async\" width=\"768\" height=\"576\" src=\"https:\/\/amc-arnsberg.de\/wp-content\/uploads\/2024\/03\/IMG-20230604-WA0005-002-768x576-1.jpg\" alt=\"\" class=\"wp-image-6708\" srcset=\"https:\/\/www.amc-arnsberg.org\/wp-content\/uploads\/2024\/03\/IMG-20230604-WA0005-002-768x576-1.jpg 768w, https:\/\/www.amc-arnsberg.org\/wp-content\/uploads\/2024\/03\/IMG-20230604-WA0005-002-768x576-1-300x225.jpg 300w\" sizes=\"auto, (max-width: 767px) 89vw, (max-width: 1000px) 54vw, (max-width: 1071px) 543px, 580px\" \/><\/a><\/figure>\n\n\n\n<p>In den vergangenen Jahren gab es immer wieder \u00c4nderungen der Stra\u00dfenverkehrsordnung, die der ge\u00e4nderten Mobilit\u00e4t Teile der Bev\u00f6lkerung die sichere Teilnahme am Stra\u00dfenverkehr Rechnung trugen. Radfahrstreifen, Radschutzstreifen und Radfahrstra\u00dfe sind nur ein paar Schlagw\u00f6rter, die sowohl den Radfahrer wie auch den Autofahrer betreffen.<\/p>\n\n\n\n<p>Wir freuen uns, mit <strong>POK Matthias Neise<\/strong> von der <strong>Kreispolizeibeh\u00f6rde HSK<\/strong> einen Fachmann gewonnen zu haben, der uns diese und weitere Begriffe an Beispielen aus der n\u00e4heren Umgebung erl\u00e4utern wird. In lockerer Runde m\u00f6chten wir dieses Themengebiet besprechen und eure R\u00fcckfrage beantworten.<\/p>\n\n\n\n<figure class=\"wp-block-image size-full\"><a href=\"https:\/\/amc-arnsberg.de\/wp-content\/uploads\/2024\/03\/18.10.-Polizei-nrw-hsk-800-800x445-1.jpg\"><img loading=\"lazy\" decoding=\"async\" width=\"800\" height=\"445\" src=\"https:\/\/amc-arnsberg.de\/wp-content\/uploads\/2024\/03\/18.10.-Polizei-nrw-hsk-800-800x445-1.jpg\" alt=\"\" class=\"wp-image-6709\" srcset=\"https:\/\/www.amc-arnsberg.org\/wp-content\/uploads\/2024\/03\/18.10.-Polizei-nrw-hsk-800-800x445-1.jpg 800w, https:\/\/www.amc-arnsberg.org\/wp-content\/uploads\/2024\/03\/18.10.-Polizei-nrw-hsk-800-800x445-1-300x167.jpg 300w, https:\/\/www.amc-arnsberg.org\/wp-content\/uploads\/2024\/03\/18.10.-Polizei-nrw-hsk-800-800x445-1-768x427.jpg 768w\" sizes=\"auto, (max-width: 767px) 89vw, (max-width: 1000px) 54vw, (max-width: 1071px) 543px, 580px\" \/><\/a><\/figure>\n\n\n\n<p>Der Info-Abend findet am Donnerstag, den <strong>18.04.24<\/strong> um <strong>19 Uhr<\/strong> in unserem Clublokal <strong>Dorfsch\u00e4nke K\u00f6rner in Bruchhausen<\/strong> statt.<\/p>\n\n\n\n<p>Wir w\u00fcrden uns sehr freuen, euch zu dieser neuen Veranstaltungsreihe begr\u00fc\u00dfen zu d\u00fcrfen und bitten um Anmeldung unter\u00a0<a href=\"mailto:grosse-entrup@w123-sauerland.de\">grosse-entrup@w123-sauerland.de<\/a>\u00a0oder <br>0151-202 345 56.<\/p>\n\n\n\n<p>Eine Veranstaltungsreihe besteht nat\u00fcrlich aus mehreren Veranstaltungen und so planen wir den n\u00e4chsten Info-Abend f\u00fcr den Herbst. Themenvorschl\u00e4ge hierf\u00fcr werden sehr gerne angenommen.<\/p>\n","protected":false},"excerpt":{"rendered":"<p>Auto- und Radfahrer gemeinsam im Stra\u00dfenverkehr Am 18. April 2024 er\u00f6ffnen wir unsere neue Veranstaltungsreihe \u201eInfo-Abend\u201c mit dem Thema \u201eAuto- und Radfahrer gemeinsam im Stra\u00dfenverkehr\u201c. In den vergangenen Jahren gab es immer wieder \u00c4nderungen der Stra\u00dfenverkehrsordnung, die der ge\u00e4nderten Mobilit\u00e4t Teile der Bev\u00f6lkerung die sichere Teilnahme am Stra\u00dfenverkehr Rechnung trugen. Radfahrstreifen, Radschutzstreifen und Radfahrstra\u00dfe sind &hellip; <\/p>\n<p class=\"link-more\"><a href=\"https:\/\/www.amc-arnsberg.org\/?p=6707\" class=\"more-link\"><span class=\"screen-reader-text\">\u201eInfo-Abend\u201c<\/span> weiterlesen<\/a><\/p>\n","protected":false},"author":8,"featured_media":0,"comment_status":"open","ping_status":"open","sticky":false,"template":"","format":"standard","meta":{"footnotes":""},"categories":[1],"tags":[],"class_list":["post-6707","post","type-post","status-publish","format-standard","hentry","category-unkategorisiert"],"_links":{"self":[{"href":"https:\/\/www.amc-arnsberg.org\/index.php?rest_route=\/wp\/v2\/posts\/6707","targetHints":{"allow":["GET"]}}],"collection":[{"href":"https:\/\/www.amc-arnsberg.org\/index.php?rest_route=\/wp\/v2\/posts"}],"about":[{"href":"https:\/\/www.amc-arnsberg.org\/index.php?rest_route=\/wp\/v2\/types\/post"}],"author":[{"embeddable":true,"href":"https:\/\/www.amc-arnsberg.org\/index.php?rest_route=\/wp\/v2\/users\/8"}],"replies":[{"embeddable":true,"href":"https:\/\/www.amc-arnsberg.org\/index.php?rest_route=%2Fwp%2Fv2%2Fcomments&post=6707"}],"version-history":[{"count":4,"href":"https:\/\/www.amc-arnsberg.org\/index.php?rest_route=\/wp\/v2\/posts\/6707\/revisions"}],"predecessor-version":[{"id":6713,"href":"https:\/\/www.amc-arnsberg.org\/index.php?rest_route=\/wp\/v2\/posts\/6707\/revisions\/6713"}],"wp:attachment":[{"href":"https:\/\/www.amc-arnsberg.org\/index.php?rest_route=%2Fwp%2Fv2%2Fmedia&parent=6707"}],"wp:term":[{"taxonomy":"category","embeddable":true,"href":"https:\/\/www.amc-arnsberg.org\/index.php?rest_route=%2Fwp%2Fv2%2Fcategories&post=6707"},{"taxonomy":"post_tag","embeddable":true,"href":"https:\/\/www.amc-arnsberg.org\/index.php?rest_route=%2Fwp%2Fv2%2Ftags&post=6707"}],"curies":[{"name":"wp","href":"https:\/\/api.w.org\/{rel}","templated":true}]}}