{"id":6482,"date":"2023-11-08T15:06:33","date_gmt":"2023-11-08T14:06:33","guid":{"rendered":"https:\/\/www.amc-arnsberg.de\/?p=6482"},"modified":"2023-12-25T14:34:20","modified_gmt":"2023-12-25T13:34:20","slug":"bericht-dieter-zantner-herbstfahrt","status":"publish","type":"post","link":"https:\/\/www.amc-arnsberg.org\/?p=6482","title":{"rendered":"Bericht Dieter Zantner Herbstfahrt"},"content":{"rendered":"\n<p>Letzten Sonntag fand die j\u00e4hrliche Dieter Zantner Herbstfahrt des AMC bei grauslichem Wetter statt.<\/p>\n\n\n\n<p>Schon am Vortag schickte ein Team ein Bild.<\/p>\n\n\n\n<figure class=\"wp-block-image size-medium is-style-rounded\"><a href=\"https:\/\/www.amc-arnsberg.de\/wp-content\/uploads\/2023\/11\/IMG-20231104-WA0001.jpg\"><img loading=\"lazy\" decoding=\"async\" width=\"300\" height=\"169\" src=\"https:\/\/www.amc-arnsberg.de\/wp-content\/uploads\/2023\/11\/IMG-20231104-WA0001-300x169.jpg\" alt=\"\" class=\"wp-image-6483\" srcset=\"https:\/\/www.amc-arnsberg.org\/wp-content\/uploads\/2023\/11\/IMG-20231104-WA0001-300x169.jpg 300w, https:\/\/www.amc-arnsberg.org\/wp-content\/uploads\/2023\/11\/IMG-20231104-WA0001-1024x576.jpg 1024w, https:\/\/www.amc-arnsberg.org\/wp-content\/uploads\/2023\/11\/IMG-20231104-WA0001-768x432.jpg 768w, https:\/\/www.amc-arnsberg.org\/wp-content\/uploads\/2023\/11\/IMG-20231104-WA0001-1536x864.jpg 1536w, https:\/\/www.amc-arnsberg.org\/wp-content\/uploads\/2023\/11\/IMG-20231104-WA0001.jpg 1920w\" sizes=\"auto, (max-width: 300px) 100vw, 300px\" \/><\/a><\/figure>\n\n\n\n<p>Gestartet wurde am Clublokal der Dorfsch\u00e4nke K\u00f6rner um 13:30 Uhr. Fahrtleiter Heinz Schulte-Hobein schickte 12 Teams Richtung M\u00f6hnesee und weiter in die B\u00f6rde.<\/p>\n\n\n\n<figure class=\"wp-block-image size-large\"><a href=\"https:\/\/www.amc-arnsberg.de\/wp-content\/uploads\/2023\/11\/IMG_0228-scaled.jpg\"><img loading=\"lazy\" decoding=\"async\" width=\"1024\" height=\"768\" src=\"https:\/\/www.amc-arnsberg.de\/wp-content\/uploads\/2023\/11\/IMG_0228-1024x768.jpg\" alt=\"\" class=\"wp-image-6490\" srcset=\"https:\/\/www.amc-arnsberg.org\/wp-content\/uploads\/2023\/11\/IMG_0228-1024x768.jpg 1024w, https:\/\/www.amc-arnsberg.org\/wp-content\/uploads\/2023\/11\/IMG_0228-300x225.jpg 300w, https:\/\/www.amc-arnsberg.org\/wp-content\/uploads\/2023\/11\/IMG_0228-768x576.jpg 768w, https:\/\/www.amc-arnsberg.org\/wp-content\/uploads\/2023\/11\/IMG_0228-1536x1152.jpg 1536w, https:\/\/www.amc-arnsberg.org\/wp-content\/uploads\/2023\/11\/IMG_0228-2048x1536.jpg 2048w\" sizes=\"auto, (max-width: 767px) 89vw, (max-width: 1000px) 54vw, (max-width: 1071px) 543px, 580px\" \/><\/a><\/figure>\n\n\n\n<p>Im Streckenverlauf mussten verschiedenen Aufgabenteile gel\u00f6st werden. Besonders intensiv wurde auf dem Parkplatz am Eissportzentrum Echtrop nachgedacht und sp\u00e4ter im Ziellokal diskutiert. An der DK von Bruno Hennecke sollte der Parkplatz zuerst in Form einer gro\u00dfen <strong>8<\/strong> und danach einer kleinen 8 umrundet werden. Die Einbahnstra\u00dfenregelung musste eingehalten werden.<\/p>\n\n\n\n<p>Hier eine mit der Maus skizierte L\u00f6sung der Aufgabe:<\/p>\n\n\n\n<figure class=\"wp-block-image size-large\"><a href=\"https:\/\/www.amc-arnsberg.de\/wp-content\/uploads\/2023\/11\/Parkplatz-Eissportzentrum-v1.jpg\"><img loading=\"lazy\" decoding=\"async\" width=\"1024\" height=\"576\" src=\"https:\/\/www.amc-arnsberg.de\/wp-content\/uploads\/2023\/11\/Parkplatz-Eissportzentrum-v1-1024x576.jpg\" alt=\"\" class=\"wp-image-6486\" srcset=\"https:\/\/www.amc-arnsberg.org\/wp-content\/uploads\/2023\/11\/Parkplatz-Eissportzentrum-v1-1024x576.jpg 1024w, https:\/\/www.amc-arnsberg.org\/wp-content\/uploads\/2023\/11\/Parkplatz-Eissportzentrum-v1-300x169.jpg 300w, https:\/\/www.amc-arnsberg.org\/wp-content\/uploads\/2023\/11\/Parkplatz-Eissportzentrum-v1-768x432.jpg 768w, https:\/\/www.amc-arnsberg.org\/wp-content\/uploads\/2023\/11\/Parkplatz-Eissportzentrum-v1.jpg 1280w\" sizes=\"auto, (max-width: 767px) 89vw, (max-width: 1000px) 54vw, (max-width: 1071px) 543px, 580px\" \/><\/a><\/figure>\n\n\n\n<p>Auf dem Parkpatz am Hammer Baumarkt musste zum Schluss noch bei Claudia und Erich Schriek eine Wertungspr\u00fcfung absolviert werden. Auf 50 cm sollte mit dem linken Spiegel an den Stab herangefahren werden. Die allermeisten Teilnehmer hatten ein sehr gutes Auge.<\/p>\n\n\n\n<figure class=\"wp-block-gallery has-nested-images columns-default is-cropped wp-block-gallery-1 is-layout-flex wp-block-gallery-is-layout-flex\">\n<figure class=\"wp-block-image size-large\"><a href=\"https:\/\/www.amc-arnsberg.de\/wp-content\/uploads\/2023\/11\/IMG_0230-scaled.jpg\"><img loading=\"lazy\" decoding=\"async\" width=\"1024\" height=\"768\" data-id=\"6491\" src=\"https:\/\/www.amc-arnsberg.de\/wp-content\/uploads\/2023\/11\/IMG_0230-1024x768.jpg\" alt=\"\" class=\"wp-image-6491\" srcset=\"https:\/\/www.amc-arnsberg.org\/wp-content\/uploads\/2023\/11\/IMG_0230-1024x768.jpg 1024w, https:\/\/www.amc-arnsberg.org\/wp-content\/uploads\/2023\/11\/IMG_0230-300x225.jpg 300w, https:\/\/www.amc-arnsberg.org\/wp-content\/uploads\/2023\/11\/IMG_0230-768x576.jpg 768w, https:\/\/www.amc-arnsberg.org\/wp-content\/uploads\/2023\/11\/IMG_0230-1536x1152.jpg 1536w, https:\/\/www.amc-arnsberg.org\/wp-content\/uploads\/2023\/11\/IMG_0230-2048x1536.jpg 2048w\" sizes=\"auto, (max-width: 767px) 89vw, (max-width: 1000px) 54vw, (max-width: 1071px) 543px, 580px\" \/><\/a><\/figure>\n\n\n\n<figure class=\"wp-block-image size-large\"><a href=\"https:\/\/www.amc-arnsberg.de\/wp-content\/uploads\/2023\/11\/IMG_0232-1-scaled.jpg\"><img loading=\"lazy\" decoding=\"async\" width=\"1024\" height=\"768\" data-id=\"6492\" src=\"https:\/\/www.amc-arnsberg.de\/wp-content\/uploads\/2023\/11\/IMG_0232-1-1024x768.jpg\" alt=\"\" class=\"wp-image-6492\" srcset=\"https:\/\/www.amc-arnsberg.org\/wp-content\/uploads\/2023\/11\/IMG_0232-1-1024x768.jpg 1024w, https:\/\/www.amc-arnsberg.org\/wp-content\/uploads\/2023\/11\/IMG_0232-1-300x225.jpg 300w, https:\/\/www.amc-arnsberg.org\/wp-content\/uploads\/2023\/11\/IMG_0232-1-768x576.jpg 768w, https:\/\/www.amc-arnsberg.org\/wp-content\/uploads\/2023\/11\/IMG_0232-1-1536x1152.jpg 1536w, https:\/\/www.amc-arnsberg.org\/wp-content\/uploads\/2023\/11\/IMG_0232-1-2048x1536.jpg 2048w\" sizes=\"auto, (max-width: 767px) 89vw, (max-width: 1000px) 54vw, (max-width: 1071px) 543px, 580px\" \/><\/a><\/figure>\n<\/figure>\n\n\n\n<p>Im Clublokal gab es danach leckeren selbstgebackenen Kuchen von Gabi.<\/p>\n\n\n\n<p>Den Sieg erzielten in der Clubwertung Andrea und Jochen Giese. Auf den Pl\u00e4tzen zwei und drei folgten Petra und Felix Bosse vor Michael Danne und  J\u00fcrgen und Gabi Kunstmann.<\/p>\n\n\n\n<p>Hier die Sieger:<\/p>\n\n\n\n<figure class=\"wp-block-image size-large\"><a href=\"https:\/\/www.amc-arnsberg.de\/wp-content\/uploads\/2023\/11\/IMG-20231105-WA0006.jpg\"><img loading=\"lazy\" decoding=\"async\" width=\"1024\" height=\"576\" src=\"https:\/\/www.amc-arnsberg.de\/wp-content\/uploads\/2023\/11\/IMG-20231105-WA0006-1024x576.jpg\" alt=\"\" class=\"wp-image-6488\" srcset=\"https:\/\/www.amc-arnsberg.org\/wp-content\/uploads\/2023\/11\/IMG-20231105-WA0006-1024x576.jpg 1024w, https:\/\/www.amc-arnsberg.org\/wp-content\/uploads\/2023\/11\/IMG-20231105-WA0006-300x169.jpg 300w, https:\/\/www.amc-arnsberg.org\/wp-content\/uploads\/2023\/11\/IMG-20231105-WA0006-768x432.jpg 768w, https:\/\/www.amc-arnsberg.org\/wp-content\/uploads\/2023\/11\/IMG-20231105-WA0006-1536x864.jpg 1536w, https:\/\/www.amc-arnsberg.org\/wp-content\/uploads\/2023\/11\/IMG-20231105-WA0006.jpg 1920w\" sizes=\"auto, (max-width: 767px) 89vw, (max-width: 1000px) 54vw, (max-width: 1071px) 543px, 580px\" \/><\/a><\/figure>\n\n\n\n<p>Auf den weiteren Pl\u00e4tzen folgten:<\/p>\n\n\n\n<ul class=\"wp-block-list\" type=\"1\" start=\"1\">\n<li>Werner und Thomas&nbsp;&nbsp;&nbsp;&nbsp;&nbsp;  <\/li>\n\n\n\n<li>Bernd und Petra&nbsp;&nbsp;&nbsp;&nbsp;&nbsp;&nbsp;&nbsp;&nbsp;&nbsp;&nbsp;&nbsp;&nbsp;&nbsp; <\/li>\n\n\n\n<li>J\u00fcrgen und Markus&nbsp;&nbsp;&nbsp;&nbsp;&nbsp;&nbsp;&nbsp;&nbsp; <\/li>\n\n\n\n<li>Dirk&nbsp;&nbsp;&nbsp;&nbsp;&nbsp;&nbsp;&nbsp;&nbsp;&nbsp;&nbsp;&nbsp;&nbsp;&nbsp;&nbsp;&nbsp;&nbsp;&nbsp;&nbsp;&nbsp;&nbsp;&nbsp;&nbsp;&nbsp;&nbsp;&nbsp;&nbsp;&nbsp;&nbsp;&nbsp;&nbsp;&nbsp;&nbsp;&nbsp;&nbsp;&nbsp;&nbsp; <\/li>\n\n\n\n<li>Walter&nbsp;&nbsp;&nbsp;&nbsp;&nbsp;&nbsp;&nbsp;&nbsp;&nbsp;&nbsp;&nbsp;&nbsp;&nbsp;&nbsp;&nbsp;&nbsp;&nbsp;&nbsp;&nbsp;&nbsp;&nbsp;&nbsp;&nbsp;&nbsp;&nbsp;&nbsp;&nbsp;&nbsp;&nbsp;&nbsp;&nbsp;<\/li>\n<\/ul>\n\n\n\n<p>In der Gastwertung belegte das Team Norbert und Felicitas Schn\u00f6de den ersten Platz.  Auf Platz zwei und drei folgten Manfred und Annelie Fester vor dem Team Hartling\/Dr\u00f6ge.<\/p>\n\n\n\n<figure class=\"wp-block-gallery has-nested-images columns-default is-cropped wp-block-gallery-2 is-layout-flex wp-block-gallery-is-layout-flex\">\n<figure class=\"wp-block-image size-large\"><a href=\"https:\/\/www.amc-arnsberg.de\/wp-content\/uploads\/2023\/11\/IMG-20231105-WA0000.jpg\"><img loading=\"lazy\" decoding=\"async\" width=\"576\" height=\"1024\" data-id=\"6496\" src=\"https:\/\/www.amc-arnsberg.de\/wp-content\/uploads\/2023\/11\/IMG-20231105-WA0000-576x1024.jpg\" alt=\"\" class=\"wp-image-6496\" srcset=\"https:\/\/www.amc-arnsberg.org\/wp-content\/uploads\/2023\/11\/IMG-20231105-WA0000-576x1024.jpg 576w, https:\/\/www.amc-arnsberg.org\/wp-content\/uploads\/2023\/11\/IMG-20231105-WA0000-169x300.jpg 169w, https:\/\/www.amc-arnsberg.org\/wp-content\/uploads\/2023\/11\/IMG-20231105-WA0000-768x1365.jpg 768w, https:\/\/www.amc-arnsberg.org\/wp-content\/uploads\/2023\/11\/IMG-20231105-WA0000-864x1536.jpg 864w, https:\/\/www.amc-arnsberg.org\/wp-content\/uploads\/2023\/11\/IMG-20231105-WA0000.jpg 1080w\" sizes=\"auto, (max-width: 576px) 100vw, 576px\" \/><\/a><\/figure>\n\n\n\n<figure class=\"wp-block-image size-large\"><a href=\"https:\/\/www.amc-arnsberg.de\/wp-content\/uploads\/2023\/11\/IMG-20231105-WA0003.jpg\"><img loading=\"lazy\" decoding=\"async\" width=\"576\" height=\"1024\" data-id=\"6495\" src=\"https:\/\/www.amc-arnsberg.de\/wp-content\/uploads\/2023\/11\/IMG-20231105-WA0003-576x1024.jpg\" alt=\"\" class=\"wp-image-6495\" srcset=\"https:\/\/www.amc-arnsberg.org\/wp-content\/uploads\/2023\/11\/IMG-20231105-WA0003-576x1024.jpg 576w, https:\/\/www.amc-arnsberg.org\/wp-content\/uploads\/2023\/11\/IMG-20231105-WA0003-169x300.jpg 169w, https:\/\/www.amc-arnsberg.org\/wp-content\/uploads\/2023\/11\/IMG-20231105-WA0003-768x1365.jpg 768w, https:\/\/www.amc-arnsberg.org\/wp-content\/uploads\/2023\/11\/IMG-20231105-WA0003-864x1536.jpg 864w, https:\/\/www.amc-arnsberg.org\/wp-content\/uploads\/2023\/11\/IMG-20231105-WA0003.jpg 1080w\" sizes=\"auto, (max-width: 576px) 100vw, 576px\" \/><\/a><\/figure>\n\n\n\n<figure class=\"wp-block-image size-large\"><a href=\"https:\/\/www.amc-arnsberg.de\/wp-content\/uploads\/2023\/11\/IMG-20231105-WA0005.jpg\"><img loading=\"lazy\" decoding=\"async\" width=\"576\" height=\"1024\" data-id=\"6494\" src=\"https:\/\/www.amc-arnsberg.de\/wp-content\/uploads\/2023\/11\/IMG-20231105-WA0005-576x1024.jpg\" alt=\"\" class=\"wp-image-6494\" srcset=\"https:\/\/www.amc-arnsberg.org\/wp-content\/uploads\/2023\/11\/IMG-20231105-WA0005-576x1024.jpg 576w, https:\/\/www.amc-arnsberg.org\/wp-content\/uploads\/2023\/11\/IMG-20231105-WA0005-169x300.jpg 169w, https:\/\/www.amc-arnsberg.org\/wp-content\/uploads\/2023\/11\/IMG-20231105-WA0005-768x1365.jpg 768w, https:\/\/www.amc-arnsberg.org\/wp-content\/uploads\/2023\/11\/IMG-20231105-WA0005-864x1536.jpg 864w, https:\/\/www.amc-arnsberg.org\/wp-content\/uploads\/2023\/11\/IMG-20231105-WA0005.jpg 1080w\" sizes=\"auto, (max-width: 576px) 100vw, 576px\" \/><\/a><\/figure>\n<\/figure>\n\n\n\n<p>Annelie als j\u00fcngste &#8222;Franserin&#8220; aller Zeiten beim AMC durfte zum Schluss noch aus dem Lostopf den Ausrichter der n\u00e4chsten Dieter Zantner Fahrt ziehen. Dieses Gl\u00fcck hatten Andrea und Jochen Giese. Wir freuen uns auf das n\u00e4chste Jahr.<\/p>\n","protected":false},"excerpt":{"rendered":"<p>Letzten Sonntag fand die j\u00e4hrliche Dieter Zantner Herbstfahrt des AMC bei grauslichem Wetter statt. Schon am Vortag schickte ein Team ein Bild. Gestartet wurde am Clublokal der Dorfsch\u00e4nke K\u00f6rner um 13:30 Uhr. Fahrtleiter Heinz Schulte-Hobein schickte 12 Teams Richtung M\u00f6hnesee und weiter in die B\u00f6rde. Im Streckenverlauf mussten verschiedenen Aufgabenteile gel\u00f6st werden. Besonders intensiv wurde &hellip; <\/p>\n<p class=\"link-more\"><a href=\"https:\/\/www.amc-arnsberg.org\/?p=6482\" class=\"more-link\"><span class=\"screen-reader-text\">\u201eBericht Dieter Zantner Herbstfahrt\u201c<\/span> weiterlesen<\/a><\/p>\n","protected":false},"author":2,"featured_media":0,"comment_status":"open","ping_status":"open","sticky":false,"template":"","format":"standard","meta":{"footnotes":""},"categories":[1,31],"tags":[],"class_list":["post-6482","post","type-post","status-publish","format-standard","hentry","category-unkategorisiert","category-dieter-zantner-fahrt"],"_links":{"self":[{"href":"https:\/\/www.amc-arnsberg.org\/index.php?rest_route=\/wp\/v2\/posts\/6482","targetHints":{"allow":["GET"]}}],"collection":[{"href":"https:\/\/www.amc-arnsberg.org\/index.php?rest_route=\/wp\/v2\/posts"}],"about":[{"href":"https:\/\/www.amc-arnsberg.org\/index.php?rest_route=\/wp\/v2\/types\/post"}],"author":[{"embeddable":true,"href":"https:\/\/www.amc-arnsberg.org\/index.php?rest_route=\/wp\/v2\/users\/2"}],"replies":[{"embeddable":true,"href":"https:\/\/www.amc-arnsberg.org\/index.php?rest_route=%2Fwp%2Fv2%2Fcomments&post=6482"}],"version-history":[{"count":6,"href":"https:\/\/www.amc-arnsberg.org\/index.php?rest_route=\/wp\/v2\/posts\/6482\/revisions"}],"predecessor-version":[{"id":6629,"href":"https:\/\/www.amc-arnsberg.org\/index.php?rest_route=\/wp\/v2\/posts\/6482\/revisions\/6629"}],"wp:attachment":[{"href":"https:\/\/www.amc-arnsberg.org\/index.php?rest_route=%2Fwp%2Fv2%2Fmedia&parent=6482"}],"wp:term":[{"taxonomy":"category","embeddable":true,"href":"https:\/\/www.amc-arnsberg.org\/index.php?rest_route=%2Fwp%2Fv2%2Fcategories&post=6482"},{"taxonomy":"post_tag","embeddable":true,"href":"https:\/\/www.amc-arnsberg.org\/index.php?rest_route=%2Fwp%2Fv2%2Ftags&post=6482"}],"curies":[{"name":"wp","href":"https:\/\/api.w.org\/{rel}","templated":true}]}}