{"id":6440,"date":"2023-09-23T12:39:05","date_gmt":"2023-09-23T10:39:05","guid":{"rendered":"https:\/\/www.amc-arnsberg.de\/?p=6440"},"modified":"2024-01-27T20:21:34","modified_gmt":"2024-01-27T19:21:34","slug":"8-histo-bergcup","status":"publish","type":"post","link":"https:\/\/www.amc-arnsberg.org\/?p=6440","title":{"rendered":"8. Histo Bergcup"},"content":{"rendered":"\n<p>AMC Mitglied Sebastian Kollmann berichtet:<\/p>\n\n\n\n<p>Letztes Wochenende waren wir in L\u00fctterz beim @aclauterbach zum 8. Histo Bergcup zu Gast. Es war ein mega Wochenende und wir hatten viel Spa\u00df. Sehr gut organisiert und das Wetter passte auch.<\/p>\n\n\n\n<figure class=\"wp-block-image size-full\"><a href=\"https:\/\/www.amc-arnsberg.de\/wp-content\/uploads\/2023\/09\/image0.jpeg\"><img loading=\"lazy\" decoding=\"async\" width=\"1024\" height=\"768\" src=\"https:\/\/www.amc-arnsberg.de\/wp-content\/uploads\/2023\/09\/image0.jpeg\" alt=\"\" class=\"wp-image-6441\" srcset=\"https:\/\/www.amc-arnsberg.org\/wp-content\/uploads\/2023\/09\/image0.jpeg 1024w, https:\/\/www.amc-arnsberg.org\/wp-content\/uploads\/2023\/09\/image0-300x225.jpeg 300w, https:\/\/www.amc-arnsberg.org\/wp-content\/uploads\/2023\/09\/image0-768x576.jpeg 768w\" sizes=\"auto, (max-width: 767px) 89vw, (max-width: 1000px) 54vw, (max-width: 1071px) 543px, 580px\" \/><\/a><\/figure>\n\n\n\n<p>Am Ende wurde es Platz 12 von 140 Startern. Wir sind nicht ganz zufrieden, aber es passt zum Jahr 2023.<\/p>\n\n\n\n<figure class=\"wp-block-image size-full\"><a href=\"https:\/\/www.amc-arnsberg.de\/wp-content\/uploads\/2023\/09\/image1a.jpeg\"><img loading=\"lazy\" decoding=\"async\" width=\"768\" height=\"1024\" src=\"https:\/\/www.amc-arnsberg.de\/wp-content\/uploads\/2023\/09\/image1a.jpeg\" alt=\"\" class=\"wp-image-6442\" srcset=\"https:\/\/www.amc-arnsberg.org\/wp-content\/uploads\/2023\/09\/image1a.jpeg 768w, https:\/\/www.amc-arnsberg.org\/wp-content\/uploads\/2023\/09\/image1a-225x300.jpeg 225w\" sizes=\"auto, (max-width: 767px) 89vw, (max-width: 1000px) 54vw, (max-width: 1071px) 543px, 580px\" \/><\/a><\/figure>\n\n\n\n<p>Damit ist auch die Saison f\u00fcr uns zu Ende und es geht an die Arbeiten f\u00fcrs n\u00e4chste Jahr.<\/p>\n\n\n\n<figure class=\"wp-block-image size-large\"><a href=\"https:\/\/www.amc-arnsberg.de\/wp-content\/uploads\/2023\/09\/image2a-scaled.jpeg\"><img loading=\"lazy\" decoding=\"async\" width=\"1024\" height=\"768\" src=\"https:\/\/www.amc-arnsberg.de\/wp-content\/uploads\/2023\/09\/image2a-1024x768.jpeg\" alt=\"\" class=\"wp-image-6443\" srcset=\"https:\/\/www.amc-arnsberg.org\/wp-content\/uploads\/2023\/09\/image2a-1024x768.jpeg 1024w, https:\/\/www.amc-arnsberg.org\/wp-content\/uploads\/2023\/09\/image2a-300x225.jpeg 300w, https:\/\/www.amc-arnsberg.org\/wp-content\/uploads\/2023\/09\/image2a-768x576.jpeg 768w, https:\/\/www.amc-arnsberg.org\/wp-content\/uploads\/2023\/09\/image2a-1536x1152.jpeg 1536w, https:\/\/www.amc-arnsberg.org\/wp-content\/uploads\/2023\/09\/image2a-2048x1536.jpeg 2048w\" sizes=\"auto, (max-width: 767px) 89vw, (max-width: 1000px) 54vw, (max-width: 1071px) 543px, 580px\" \/><\/a><\/figure>\n\n\n\n<p>In 2024 wollen wir, wenn alles klappt, ein zweites Auto an den Start bringen, um mehr Veranstaltungen fahren zu k\u00f6nnen und dem Sud mal eine kleine Pause zu g\u00f6nnen.<\/p>\n\n\n\n<p>Vom AMC Webmaster: Basti, vielen Dank f\u00fcr die sch\u00f6nen Berichte und die erzielten Erfolge auch im Namen des AMC Arnsberg. <em>Heinz<\/em><\/p>\n","protected":false},"excerpt":{"rendered":"<p>AMC Mitglied Sebastian Kollmann berichtet: Letztes Wochenende waren wir in L\u00fctterz beim @aclauterbach zum 8. Histo Bergcup zu Gast. Es war ein mega Wochenende und wir hatten viel Spa\u00df. Sehr gut organisiert und das Wetter passte auch. Am Ende wurde es Platz 12 von 140 Startern. Wir sind nicht ganz zufrieden, aber es passt zum &hellip; <\/p>\n<p class=\"link-more\"><a href=\"https:\/\/www.amc-arnsberg.org\/?p=6440\" class=\"more-link\"><span class=\"screen-reader-text\">\u201e8. Histo Bergcup\u201c<\/span> weiterlesen<\/a><\/p>\n","protected":false},"author":2,"featured_media":0,"comment_status":"open","ping_status":"open","sticky":false,"template":"","format":"standard","meta":{"footnotes":""},"categories":[1,29],"tags":[],"class_list":["post-6440","post","type-post","status-publish","format-standard","hentry","category-unkategorisiert","category-veranstaltungen-motorsport"],"_links":{"self":[{"href":"https:\/\/www.amc-arnsberg.org\/index.php?rest_route=\/wp\/v2\/posts\/6440","targetHints":{"allow":["GET"]}}],"collection":[{"href":"https:\/\/www.amc-arnsberg.org\/index.php?rest_route=\/wp\/v2\/posts"}],"about":[{"href":"https:\/\/www.amc-arnsberg.org\/index.php?rest_route=\/wp\/v2\/types\/post"}],"author":[{"embeddable":true,"href":"https:\/\/www.amc-arnsberg.org\/index.php?rest_route=\/wp\/v2\/users\/2"}],"replies":[{"embeddable":true,"href":"https:\/\/www.amc-arnsberg.org\/index.php?rest_route=%2Fwp%2Fv2%2Fcomments&post=6440"}],"version-history":[{"count":1,"href":"https:\/\/www.amc-arnsberg.org\/index.php?rest_route=\/wp\/v2\/posts\/6440\/revisions"}],"predecessor-version":[{"id":6444,"href":"https:\/\/www.amc-arnsberg.org\/index.php?rest_route=\/wp\/v2\/posts\/6440\/revisions\/6444"}],"wp:attachment":[{"href":"https:\/\/www.amc-arnsberg.org\/index.php?rest_route=%2Fwp%2Fv2%2Fmedia&parent=6440"}],"wp:term":[{"taxonomy":"category","embeddable":true,"href":"https:\/\/www.amc-arnsberg.org\/index.php?rest_route=%2Fwp%2Fv2%2Fcategories&post=6440"},{"taxonomy":"post_tag","embeddable":true,"href":"https:\/\/www.amc-arnsberg.org\/index.php?rest_route=%2Fwp%2Fv2%2Ftags&post=6440"}],"curies":[{"name":"wp","href":"https:\/\/api.w.org\/{rel}","templated":true}]}}