{"id":4607,"date":"2019-11-03T12:42:02","date_gmt":"2019-11-03T11:42:02","guid":{"rendered":"http:\/\/amc-arnsberg.org\/?p=4607"},"modified":"2019-11-16T14:42:20","modified_gmt":"2019-11-16T13:42:20","slug":"03-11-2019-siegerehrung-oldtimer-cup-westfalen-lippe","status":"publish","type":"post","link":"https:\/\/www.amc-arnsberg.org\/?p=4607","title":{"rendered":"03.11.2019 \/ Siegerehrung Oldtimer Cup Westfalen-Lippe \/ Stemwede"},"content":{"rendered":"\n<p>Am ersten November-Wochenende fand im Berggasthof Wilhelmsh\u00f6he auf dem Stemweder Berg die feierliche Siegerehrung des ADAC Oldtimer Cup Westfalen-Lippe statt. Es gab die Kategorien Sportlich, Tourensportlich und Motorr\u00e4der.<\/p>\n\n\n\n<figure class=\"wp-block-image size-large\"><img loading=\"lazy\" decoding=\"async\" width=\"1024\" height=\"512\" src=\"http:\/\/amc-arnsberg.org\/wp-content\/uploads\/2019\/11\/img011-1024x512.jpg\" alt=\"\" class=\"wp-image-4611\" srcset=\"https:\/\/www.amc-arnsberg.org\/wp-content\/uploads\/2019\/11\/img011-1024x512.jpg 1024w, https:\/\/www.amc-arnsberg.org\/wp-content\/uploads\/2019\/11\/img011-300x150.jpg 300w, https:\/\/www.amc-arnsberg.org\/wp-content\/uploads\/2019\/11\/img011-768x384.jpg 768w\" sizes=\"auto, (max-width: 767px) 89vw, (max-width: 1000px) 54vw, (max-width: 1071px) 543px, 580px\" \/><\/figure>\n\n\n\n<p>Wie in den Vorjahren war es auch 2019 eine sehr sch\u00f6ne Veranstaltung mit dem passenden feierlichen, aber nicht zu steifen Rahmen. Der Berggasthof \u00fcberzeugte wieder einmal mit dem hervorragenden Essen und passenden Weinen.<\/p>\n\n\n\n<figure class=\"wp-block-image size-large\"><img loading=\"lazy\" decoding=\"async\" width=\"1024\" height=\"629\" src=\"http:\/\/amc-arnsberg.org\/wp-content\/uploads\/2019\/11\/IMG_5459-1024x629.jpg\" alt=\"\" class=\"wp-image-4610\" srcset=\"https:\/\/www.amc-arnsberg.org\/wp-content\/uploads\/2019\/11\/IMG_5459-1024x629.jpg 1024w, https:\/\/www.amc-arnsberg.org\/wp-content\/uploads\/2019\/11\/IMG_5459-300x184.jpg 300w, https:\/\/www.amc-arnsberg.org\/wp-content\/uploads\/2019\/11\/IMG_5459-768x472.jpg 768w\" sizes=\"auto, (max-width: 767px) 89vw, (max-width: 1000px) 54vw, (max-width: 1071px) 543px, 580px\" \/><\/figure>\n\n\n\n<p>In den kurzen Ansprachen der ADAC-Offiziellen wurden aktuelle Themen, wie z.B. E-Mobilit\u00e4t aufgegriffen und deutlich gemacht, dass unser Hobby keinesfalls eine Selbstverst\u00e4ndlichkeit (mehr) ist. Daher der Aufruf, aktiv zu sein, aktiv zu werben und sich um den Nachwuchs zu k\u00fcmmern. In diesem Zusammenhang soll wohl 2020 auch eine eigene Youngtimer-Serie gestartet werden. Das klingt sehr interessant und wir hoffen, dass sich diese Idee dann auch tats\u00e4chlich materialisiert. Zu Recht viel Applaus bekam Wolf-Otto Weitekamp, der seit nunmehr 21 Jahren den guten Geist dieser Serie verk\u00f6rpert, f\u00fcr sein Engagement, aber auch den Hinweis, man sollte bei allem Ehrgeiz auch mal den &#8222;Streit&#8220; um die Hunderstel Sekunden vergessen und sich am gemeinsamen Hobby erfreuen. <\/p>\n\n\n\n<figure class=\"wp-block-image size-large\"><img loading=\"lazy\" decoding=\"async\" width=\"1024\" height=\"768\" src=\"http:\/\/amc-arnsberg.org\/wp-content\/uploads\/2019\/11\/IMG_5463-1024x768.jpg\" alt=\"\" class=\"wp-image-4613\" srcset=\"https:\/\/www.amc-arnsberg.org\/wp-content\/uploads\/2019\/11\/IMG_5463-1024x768.jpg 1024w, https:\/\/www.amc-arnsberg.org\/wp-content\/uploads\/2019\/11\/IMG_5463-300x225.jpg 300w, https:\/\/www.amc-arnsberg.org\/wp-content\/uploads\/2019\/11\/IMG_5463-768x576.jpg 768w\" sizes=\"auto, (max-width: 767px) 89vw, (max-width: 1000px) 54vw, (max-width: 1071px) 543px, 580px\" \/><\/figure>\n\n\n\n<p>Beim Essen bzw. den vielzitierten &#8222;Benzingespr\u00e4chen&#8220; kam man  gut in Kontakt mit bisher unbekannten Menschen aus der Motorrad- oder Veranstalter-Szene, die ebenfalls einen sch\u00f6nen Humor hatten. Das ganz gro\u00dfe &#8222;Versacken&#8220; am Ende blieb aus, aber das war vielleicht auch gut so.<\/p>\n\n\n\n<figure class=\"wp-block-gallery columns-2 is-cropped wp-block-gallery-1 is-layout-flex wp-block-gallery-is-layout-flex\"><ul class=\"blocks-gallery-grid\"><li class=\"blocks-gallery-item\"><figure><img loading=\"lazy\" decoding=\"async\" width=\"807\" height=\"1024\" src=\"http:\/\/amc-arnsberg.org\/wp-content\/uploads\/2019\/11\/IMG_5461-807x1024.jpg\" alt=\"\" data-id=\"4618\" data-full-url=\"http:\/\/amc-arnsberg.org\/wp-content\/uploads\/2019\/11\/IMG_5461.jpg\" data-link=\"http:\/\/amc-arnsberg.org\/?attachment_id=4618\" class=\"wp-image-4618\" srcset=\"https:\/\/www.amc-arnsberg.org\/wp-content\/uploads\/2019\/11\/IMG_5461-807x1024.jpg 807w, https:\/\/www.amc-arnsberg.org\/wp-content\/uploads\/2019\/11\/IMG_5461-236x300.jpg 236w, https:\/\/www.amc-arnsberg.org\/wp-content\/uploads\/2019\/11\/IMG_5461-768x974.jpg 768w\" sizes=\"auto, (max-width: 767px) 89vw, (max-width: 1000px) 54vw, (max-width: 1071px) 543px, 580px\" \/><figcaption class=\"blocks-gallery-item__caption\"><strong>Wer hat sich denn dieses Motto ausgedacht? <\/strong>\ud83d\ude42<\/figcaption><\/figure><\/li><li class=\"blocks-gallery-item\"><figure><img loading=\"lazy\" decoding=\"async\" width=\"729\" height=\"1024\" src=\"http:\/\/amc-arnsberg.org\/wp-content\/uploads\/2019\/11\/img034-729x1024.jpg\" alt=\"\" data-id=\"4619\" data-full-url=\"http:\/\/amc-arnsberg.org\/wp-content\/uploads\/2019\/11\/img034.jpg\" data-link=\"http:\/\/amc-arnsberg.org\/?attachment_id=4619\" class=\"wp-image-4619\" srcset=\"https:\/\/www.amc-arnsberg.org\/wp-content\/uploads\/2019\/11\/img034-729x1024.jpg 729w, https:\/\/www.amc-arnsberg.org\/wp-content\/uploads\/2019\/11\/img034-214x300.jpg 214w, https:\/\/www.amc-arnsberg.org\/wp-content\/uploads\/2019\/11\/img034-768x1079.jpg 768w, https:\/\/www.amc-arnsberg.org\/wp-content\/uploads\/2019\/11\/img034.jpg 1662w\" sizes=\"auto, (max-width: 729px) 100vw, 729px\" \/><\/figure><\/li><\/ul><\/figure>\n\n\n\n<p>Nicht nur f\u00fcr Rallyeteilnehmer empfiehlt es sich, den Stemweder Berg zu Fu\u00df zu erkunden. Einige gut beschilderte Wanderwege f\u00fchren vom Berggasthof durch die sch\u00f6ne umliegende Natur.<\/p>\n\n\n\n<figure class=\"wp-block-gallery columns-2 is-cropped wp-block-gallery-2 is-layout-flex wp-block-gallery-is-layout-flex\"><ul class=\"blocks-gallery-grid\"><li class=\"blocks-gallery-item\"><figure><img loading=\"lazy\" decoding=\"async\" width=\"934\" height=\"1024\" src=\"http:\/\/amc-arnsberg.org\/wp-content\/uploads\/2019\/11\/IMG_5425-934x1024.jpg\" alt=\"\" data-id=\"4612\" data-full-url=\"http:\/\/amc-arnsberg.org\/wp-content\/uploads\/2019\/11\/IMG_5425.jpg\" data-link=\"http:\/\/amc-arnsberg.org\/?attachment_id=4612\" class=\"wp-image-4612\" srcset=\"https:\/\/www.amc-arnsberg.org\/wp-content\/uploads\/2019\/11\/IMG_5425-934x1024.jpg 934w, https:\/\/www.amc-arnsberg.org\/wp-content\/uploads\/2019\/11\/IMG_5425-274x300.jpg 274w, https:\/\/www.amc-arnsberg.org\/wp-content\/uploads\/2019\/11\/IMG_5425-768x842.jpg 768w\" sizes=\"auto, (max-width: 767px) 89vw, (max-width: 1000px) 54vw, (max-width: 1071px) 543px, 580px\" \/><\/figure><\/li><li class=\"blocks-gallery-item\"><figure><img loading=\"lazy\" decoding=\"async\" width=\"1024\" height=\"768\" src=\"http:\/\/amc-arnsberg.org\/wp-content\/uploads\/2019\/11\/IMG_5431-1024x768.jpg\" alt=\"\" data-id=\"4614\" data-full-url=\"http:\/\/amc-arnsberg.org\/wp-content\/uploads\/2019\/11\/IMG_5431.jpg\" data-link=\"http:\/\/amc-arnsberg.org\/?attachment_id=4614\" class=\"wp-image-4614\" srcset=\"https:\/\/www.amc-arnsberg.org\/wp-content\/uploads\/2019\/11\/IMG_5431-1024x768.jpg 1024w, https:\/\/www.amc-arnsberg.org\/wp-content\/uploads\/2019\/11\/IMG_5431-300x225.jpg 300w, https:\/\/www.amc-arnsberg.org\/wp-content\/uploads\/2019\/11\/IMG_5431-768x576.jpg 768w\" sizes=\"auto, (max-width: 767px) 89vw, (max-width: 1000px) 54vw, (max-width: 1071px) 543px, 580px\" \/><\/figure><\/li><\/ul><\/figure>\n\n\n\n<figure class=\"wp-block-gallery columns-2 is-cropped wp-block-gallery-3 is-layout-flex wp-block-gallery-is-layout-flex\"><ul class=\"blocks-gallery-grid\"><li class=\"blocks-gallery-item\"><figure><img loading=\"lazy\" decoding=\"async\" width=\"768\" height=\"1024\" src=\"http:\/\/amc-arnsberg.org\/wp-content\/uploads\/2019\/11\/IMG_5439-768x1024.jpg\" alt=\"\" data-id=\"4615\" data-full-url=\"http:\/\/amc-arnsberg.org\/wp-content\/uploads\/2019\/11\/IMG_5439.jpg\" data-link=\"http:\/\/amc-arnsberg.org\/?attachment_id=4615\" class=\"wp-image-4615\" srcset=\"https:\/\/www.amc-arnsberg.org\/wp-content\/uploads\/2019\/11\/IMG_5439-768x1024.jpg 768w, https:\/\/www.amc-arnsberg.org\/wp-content\/uploads\/2019\/11\/IMG_5439-225x300.jpg 225w\" sizes=\"auto, (max-width: 767px) 89vw, (max-width: 1000px) 54vw, (max-width: 1071px) 543px, 580px\" \/><\/figure><\/li><li class=\"blocks-gallery-item\"><figure><img loading=\"lazy\" decoding=\"async\" width=\"768\" height=\"1024\" src=\"http:\/\/amc-arnsberg.org\/wp-content\/uploads\/2019\/11\/IMG_5446-768x1024.jpg\" alt=\"\" data-id=\"4616\" data-full-url=\"http:\/\/amc-arnsberg.org\/wp-content\/uploads\/2019\/11\/IMG_5446.jpg\" data-link=\"http:\/\/amc-arnsberg.org\/?attachment_id=4616\" class=\"wp-image-4616\" srcset=\"https:\/\/www.amc-arnsberg.org\/wp-content\/uploads\/2019\/11\/IMG_5446-768x1024.jpg 768w, https:\/\/www.amc-arnsberg.org\/wp-content\/uploads\/2019\/11\/IMG_5446-225x300.jpg 225w\" sizes=\"auto, (max-width: 767px) 89vw, (max-width: 1000px) 54vw, (max-width: 1071px) 543px, 580px\" \/><\/figure><\/li><\/ul><\/figure>\n","protected":false},"excerpt":{"rendered":"<p>Am ersten November-Wochenende fand im Berggasthof Wilhelmsh\u00f6he auf dem Stemweder Berg die feierliche Siegerehrung des ADAC Oldtimer Cup Westfalen-Lippe statt. Es gab die Kategorien Sportlich, Tourensportlich und Motorr\u00e4der. Wie in den Vorjahren war es auch 2019 eine sehr sch\u00f6ne Veranstaltung mit dem passenden feierlichen, aber nicht zu steifen Rahmen. Der Berggasthof \u00fcberzeugte wieder einmal mit &hellip; <\/p>\n<p class=\"link-more\"><a href=\"https:\/\/www.amc-arnsberg.org\/?p=4607\" class=\"more-link\"><span class=\"screen-reader-text\">\u201e03.11.2019 \/ Siegerehrung Oldtimer Cup Westfalen-Lippe \/ Stemwede\u201c<\/span> weiterlesen<\/a><\/p>\n","protected":false},"author":2,"featured_media":0,"comment_status":"open","ping_status":"open","sticky":false,"template":"","format":"standard","meta":{"footnotes":""},"categories":[21],"tags":[],"class_list":["post-4607","post","type-post","status-publish","format-standard","hentry","category-veranstaltungen-archiv"],"_links":{"self":[{"href":"https:\/\/www.amc-arnsberg.org\/index.php?rest_route=\/wp\/v2\/posts\/4607","targetHints":{"allow":["GET"]}}],"collection":[{"href":"https:\/\/www.amc-arnsberg.org\/index.php?rest_route=\/wp\/v2\/posts"}],"about":[{"href":"https:\/\/www.amc-arnsberg.org\/index.php?rest_route=\/wp\/v2\/types\/post"}],"author":[{"embeddable":true,"href":"https:\/\/www.amc-arnsberg.org\/index.php?rest_route=\/wp\/v2\/users\/2"}],"replies":[{"embeddable":true,"href":"https:\/\/www.amc-arnsberg.org\/index.php?rest_route=%2Fwp%2Fv2%2Fcomments&post=4607"}],"version-history":[{"count":3,"href":"https:\/\/www.amc-arnsberg.org\/index.php?rest_route=\/wp\/v2\/posts\/4607\/revisions"}],"predecessor-version":[{"id":4620,"href":"https:\/\/www.amc-arnsberg.org\/index.php?rest_route=\/wp\/v2\/posts\/4607\/revisions\/4620"}],"wp:attachment":[{"href":"https:\/\/www.amc-arnsberg.org\/index.php?rest_route=%2Fwp%2Fv2%2Fmedia&parent=4607"}],"wp:term":[{"taxonomy":"category","embeddable":true,"href":"https:\/\/www.amc-arnsberg.org\/index.php?rest_route=%2Fwp%2Fv2%2Fcategories&post=4607"},{"taxonomy":"post_tag","embeddable":true,"href":"https:\/\/www.amc-arnsberg.org\/index.php?rest_route=%2Fwp%2Fv2%2Ftags&post=4607"}],"curies":[{"name":"wp","href":"https:\/\/api.w.org\/{rel}","templated":true}]}}