{"id":4094,"date":"2019-08-19T19:59:11","date_gmt":"2019-08-19T18:59:11","guid":{"rendered":"http:\/\/amc-arnsberg.org\/?p=4094"},"modified":"2019-08-26T23:48:15","modified_gmt":"2019-08-26T22:48:15","slug":"amc-teams-bei-der-siegerland-classic","status":"publish","type":"post","link":"https:\/\/www.amc-arnsberg.org\/?p=4094","title":{"rendered":"AMC-Teams bei der Siegerland Classic"},"content":{"rendered":"\n<p>Die Siegerland Classic war in der 13. Auflage 2019 eine im wahrsten Sinne &#8222;heisse&#8220; Veranstaltung. Nicht nur die Temperaturen von \u00fcber 30 Grad sorgten f\u00fcr Schwei\u00df. Die neue Fahrtleitung hat das Anspruchsniveau deutlich nach oben geschraubt und so war h\u00f6chste Konzentration gefordert. Selten war man nach einer Rallye so &#8222;Matsche&#8220; im Kopf. Ansonsten rundum eine super organisierte und sch\u00f6ne Veranstaltung.<\/p>\n\n\n\n<p>Die Teams vom AMC Arnsberg haben sich trotz diverser Wiedrigkeiten wacker geschlagen. In der touristischen Klasse kamen Karin und Alexander M\u00fcller auf Opel Kadett A auf den 6. Platz und in der sportlichen Wertung errangen Andr\u00e9 Behrensdorf und Frank Sch\u00e4fer auf Porsche 944 S2 den Platz 3 in der Klasse (mit 97 Fehlerpunkten!!!). <\/p>\n\n\n\n<figure class=\"wp-block-image\"><img loading=\"lazy\" decoding=\"async\" width=\"996\" height=\"1024\" src=\"http:\/\/amc-arnsberg.org\/wp-content\/uploads\/2019\/08\/IMG_4110-996x1024.jpg\" alt=\"\" class=\"wp-image-4109\" srcset=\"https:\/\/www.amc-arnsberg.org\/wp-content\/uploads\/2019\/08\/IMG_4110-996x1024.jpg 996w, https:\/\/www.amc-arnsberg.org\/wp-content\/uploads\/2019\/08\/IMG_4110-292x300.jpg 292w, https:\/\/www.amc-arnsberg.org\/wp-content\/uploads\/2019\/08\/IMG_4110-768x789.jpg 768w\" sizes=\"auto, (max-width: 767px) 89vw, (max-width: 1000px) 54vw, (max-width: 1071px) 543px, 580px\" \/><\/figure>\n\n\n\n<p><strong>Detaillierter Bericht zu dieser denkw\u00fcrdigen Veranstaltung (Stichwort: Schl\u00fcssel) hier:<\/strong><\/p>\n\n\n\n<figure class=\"wp-block-embed-wordpress wp-block-embed is-type-wp-embed is-provider-automobil-und-motorrad-club-arnsberg\"><div class=\"wp-block-embed__wrapper\">\n<blockquote class=\"wp-embedded-content\" data-secret=\"Cou4WZUqYb\"><a href=\"https:\/\/amc-arnsberg.org\/?p=4000\">25.08.2019 \/ 13. Siegerland Classic \/ Wilnsdorf<\/a><\/blockquote><iframe loading=\"lazy\" class=\"wp-embedded-content\" sandbox=\"allow-scripts\" security=\"restricted\" style=\"position: absolute; clip: rect(1px, 1px, 1px, 1px);\" title=\"&#8222;25.08.2019 \/ 13. Siegerland Classic \/ Wilnsdorf&#8220; &#8212; Automobil und Motorrad Club Arnsberg\" src=\"https:\/\/amc-arnsberg.org\/?p=4000&#038;embed=true#?secret=BYKommYuG1#?secret=Cou4WZUqYb\" data-secret=\"Cou4WZUqYb\" width=\"525\" height=\"296\" frameborder=\"0\" marginwidth=\"0\" marginheight=\"0\" scrolling=\"no\"><\/iframe>\n<\/div><\/figure>\n\n\n\n<ul class=\"wp-block-gallery columns-2 is-cropped wp-block-gallery-1 is-layout-flex wp-block-gallery-is-layout-flex\"><li class=\"blocks-gallery-item\"><figure><img loading=\"lazy\" decoding=\"async\" width=\"1024\" height=\"768\" src=\"http:\/\/amc-arnsberg.org\/wp-content\/uploads\/2019\/08\/22661f32-47e7-44af-a758-7db957b83fdf-1024x768.jpg\" alt=\"\" data-id=\"4108\" data-link=\"http:\/\/amc-arnsberg.org\/?attachment_id=4108\" class=\"wp-image-4108\" srcset=\"https:\/\/www.amc-arnsberg.org\/wp-content\/uploads\/2019\/08\/22661f32-47e7-44af-a758-7db957b83fdf-1024x768.jpg 1024w, https:\/\/www.amc-arnsberg.org\/wp-content\/uploads\/2019\/08\/22661f32-47e7-44af-a758-7db957b83fdf-300x225.jpg 300w, https:\/\/www.amc-arnsberg.org\/wp-content\/uploads\/2019\/08\/22661f32-47e7-44af-a758-7db957b83fdf-768x576.jpg 768w, https:\/\/www.amc-arnsberg.org\/wp-content\/uploads\/2019\/08\/22661f32-47e7-44af-a758-7db957b83fdf.jpg 1600w\" sizes=\"auto, (max-width: 767px) 89vw, (max-width: 1000px) 54vw, (max-width: 1071px) 543px, 580px\" \/><\/figure><\/li><li class=\"blocks-gallery-item\"><figure><img loading=\"lazy\" decoding=\"async\" width=\"1024\" height=\"768\" src=\"http:\/\/amc-arnsberg.org\/wp-content\/uploads\/2019\/08\/ea47b446-4f28-499f-bb29-e87b26b42754-1024x768.jpg\" alt=\"\" data-id=\"4110\" data-link=\"http:\/\/amc-arnsberg.org\/?attachment_id=4110\" class=\"wp-image-4110\" srcset=\"https:\/\/www.amc-arnsberg.org\/wp-content\/uploads\/2019\/08\/ea47b446-4f28-499f-bb29-e87b26b42754-1024x768.jpg 1024w, https:\/\/www.amc-arnsberg.org\/wp-content\/uploads\/2019\/08\/ea47b446-4f28-499f-bb29-e87b26b42754-300x225.jpg 300w, https:\/\/www.amc-arnsberg.org\/wp-content\/uploads\/2019\/08\/ea47b446-4f28-499f-bb29-e87b26b42754-768x576.jpg 768w, https:\/\/www.amc-arnsberg.org\/wp-content\/uploads\/2019\/08\/ea47b446-4f28-499f-bb29-e87b26b42754.jpg 1600w\" sizes=\"auto, (max-width: 767px) 89vw, (max-width: 1000px) 54vw, (max-width: 1071px) 543px, 580px\" \/><\/figure><\/li><\/ul>\n\n\n\n<ul class=\"wp-block-gallery columns-2 is-cropped wp-block-gallery-2 is-layout-flex wp-block-gallery-is-layout-flex\"><li class=\"blocks-gallery-item\"><figure><img loading=\"lazy\" decoding=\"async\" width=\"1024\" height=\"768\" src=\"http:\/\/amc-arnsberg.org\/wp-content\/uploads\/2019\/08\/17cd5914-b4f7-4b15-85f8-0ddec35041c9-1024x768.jpg\" alt=\"\" data-id=\"4111\" data-link=\"http:\/\/amc-arnsberg.org\/?attachment_id=4111\" class=\"wp-image-4111\" srcset=\"https:\/\/www.amc-arnsberg.org\/wp-content\/uploads\/2019\/08\/17cd5914-b4f7-4b15-85f8-0ddec35041c9-1024x768.jpg 1024w, https:\/\/www.amc-arnsberg.org\/wp-content\/uploads\/2019\/08\/17cd5914-b4f7-4b15-85f8-0ddec35041c9-300x225.jpg 300w, https:\/\/www.amc-arnsberg.org\/wp-content\/uploads\/2019\/08\/17cd5914-b4f7-4b15-85f8-0ddec35041c9-768x576.jpg 768w, https:\/\/www.amc-arnsberg.org\/wp-content\/uploads\/2019\/08\/17cd5914-b4f7-4b15-85f8-0ddec35041c9.jpg 1600w\" sizes=\"auto, (max-width: 767px) 89vw, (max-width: 1000px) 54vw, (max-width: 1071px) 543px, 580px\" \/><\/figure><\/li><li class=\"blocks-gallery-item\"><figure><img loading=\"lazy\" decoding=\"async\" width=\"1024\" height=\"768\" src=\"http:\/\/amc-arnsberg.org\/wp-content\/uploads\/2019\/08\/IMG_4059-1024x768.jpg\" alt=\"\" data-id=\"4112\" data-link=\"http:\/\/amc-arnsberg.org\/?attachment_id=4112\" class=\"wp-image-4112\" srcset=\"https:\/\/www.amc-arnsberg.org\/wp-content\/uploads\/2019\/08\/IMG_4059-1024x768.jpg 1024w, https:\/\/www.amc-arnsberg.org\/wp-content\/uploads\/2019\/08\/IMG_4059-300x225.jpg 300w, https:\/\/www.amc-arnsberg.org\/wp-content\/uploads\/2019\/08\/IMG_4059-768x576.jpg 768w\" sizes=\"auto, (max-width: 767px) 89vw, (max-width: 1000px) 54vw, (max-width: 1071px) 543px, 580px\" \/><\/figure><\/li><\/ul>\n\n\n\n<p>Sch\u00f6ner Bericht im nachfolgenden Link der Siegener Zeitung mit 90 Bildern vom Start sowie einem kleinen Video! Man achte auf die Sequenz mit dem schwarzen Porsche \ud83d\ude42<\/p>\n\n\n\n<p><a href=\"https:\/\/www.siegener-zeitung.de\/wilnsdorf\/c-lokales\/oldtimer-und-youngtimer-am-start_a180310\">https:\/\/www.siegener-zeitung.de\/wilnsdorf\/c-lokales\/oldtimer-und-youngtimer-am-start_a180310<\/a><\/p>\n\n\n\n<p><\/p>\n","protected":false},"excerpt":{"rendered":"<p>Die Siegerland Classic war in der 13. Auflage 2019 eine im wahrsten Sinne &#8222;heisse&#8220; Veranstaltung. Nicht nur die Temperaturen von \u00fcber 30 Grad sorgten f\u00fcr Schwei\u00df. Die neue Fahrtleitung hat das Anspruchsniveau deutlich nach oben geschraubt und so war h\u00f6chste Konzentration gefordert. Selten war man nach einer Rallye so &#8222;Matsche&#8220; im Kopf. Ansonsten rundum eine &hellip; <\/p>\n<p class=\"link-more\"><a href=\"https:\/\/www.amc-arnsberg.org\/?p=4094\" class=\"more-link\"><span class=\"screen-reader-text\">\u201eAMC-Teams bei der Siegerland Classic\u201c<\/span> weiterlesen<\/a><\/p>\n","protected":false},"author":2,"featured_media":0,"comment_status":"open","ping_status":"open","sticky":false,"template":"","format":"standard","meta":{"footnotes":""},"categories":[1],"tags":[],"class_list":["post-4094","post","type-post","status-publish","format-standard","hentry","category-unkategorisiert"],"_links":{"self":[{"href":"https:\/\/www.amc-arnsberg.org\/index.php?rest_route=\/wp\/v2\/posts\/4094","targetHints":{"allow":["GET"]}}],"collection":[{"href":"https:\/\/www.amc-arnsberg.org\/index.php?rest_route=\/wp\/v2\/posts"}],"about":[{"href":"https:\/\/www.amc-arnsberg.org\/index.php?rest_route=\/wp\/v2\/types\/post"}],"author":[{"embeddable":true,"href":"https:\/\/www.amc-arnsberg.org\/index.php?rest_route=\/wp\/v2\/users\/2"}],"replies":[{"embeddable":true,"href":"https:\/\/www.amc-arnsberg.org\/index.php?rest_route=%2Fwp%2Fv2%2Fcomments&post=4094"}],"version-history":[{"count":11,"href":"https:\/\/www.amc-arnsberg.org\/index.php?rest_route=\/wp\/v2\/posts\/4094\/revisions"}],"predecessor-version":[{"id":4143,"href":"https:\/\/www.amc-arnsberg.org\/index.php?rest_route=\/wp\/v2\/posts\/4094\/revisions\/4143"}],"wp:attachment":[{"href":"https:\/\/www.amc-arnsberg.org\/index.php?rest_route=%2Fwp%2Fv2%2Fmedia&parent=4094"}],"wp:term":[{"taxonomy":"category","embeddable":true,"href":"https:\/\/www.amc-arnsberg.org\/index.php?rest_route=%2Fwp%2Fv2%2Fcategories&post=4094"},{"taxonomy":"post_tag","embeddable":true,"href":"https:\/\/www.amc-arnsberg.org\/index.php?rest_route=%2Fwp%2Fv2%2Ftags&post=4094"}],"curies":[{"name":"wp","href":"https:\/\/api.w.org\/{rel}","templated":true}]}}