{"id":330,"date":"2011-09-04T13:38:51","date_gmt":"2011-09-04T12:38:51","guid":{"rendered":"http:\/\/amc-arnsberg.org\/?p=330"},"modified":"2020-10-23T21:04:37","modified_gmt":"2020-10-23T19:04:37","slug":"19-arnsberger-klassik-gesamtergebnis","status":"publish","type":"post","link":"https:\/\/www.amc-arnsberg.org\/?p=330","title":{"rendered":"19. Arnsberger Klassik &#8211; Gesamtergebnis"},"content":{"rendered":"<p>Die 19. Arnsberger ADAC Klassik ist bei sch\u00f6nstem Wetter mit einem Teilnehmerrekord von 76 Startern am gestrigen Abend in gem\u00fctlicher Runde ausgeklungen.<\/p>\n<p>Das Gesamtergebnis f\u00fcr alle Klassen kann hier eingesehen werden:\u00c2\u00a0<a href=\"http:\/\/amc-arnsberg.org\/wp-content\/uploads\/2011\/09\/klassik2011_gesamtergebnis.pdf\"><br \/>\n19. Arnsberger Klassik &#8211; Gesamtergebnis<\/a><\/p>\n<p><span>Ein ausf\u00fchrlicher Bericht, Bilder und Videos folgen in K\u00fcrze!<\/span><\/p>\n<p><span>Hier k\u00f6nnen die ersten Bilder von Teilnehmer Holger St. eingesehen werden. Besonderer Dank an Holger!!!<\/span><\/p>\n<p><a href=\"https:\/\/picasaweb.google.com\/holgerst72\/19ArnsbergerKlassik2011\">https:\/\/picasaweb.google.com\/holgerst72\/19ArnsbergerKlassik2011#<\/a><\/p>\n<p>Weitere sehr sch\u00f6ne Bilder von Albert auf dem Weg zur &#8222;Hellefelder H\u00f6he&#8220;. Dank auch an Albert!!!<\/p>\n<p><a href=\"https:\/\/picasaweb.google.com\/albertrocholl\/ADAC19Klassik2011?feat=email\">https:\/\/picasaweb.google.com\/albertrocholl\/ADAC19Klassik2011?feat=email<\/a><\/p>\n<p><a href=\"https:\/\/picasaweb.google.com\/albertrocholl\/ADAC19Klassik2011?feat=email\">W<\/a>eitre Bilder vom Profi!<\/p>\n<p><a title=\"Bilder von Uwe Fettin\" href=\"https:\/\/picasaweb.google.com\/113321531218262487408\/ArnsbergerADACKlassik2011UweFettin?authuser=0&amp;authkey=Gv1sRgCLCogOvu2oPCTg&amp;feat=directlink\" target=\"_blank\" rel=\"noopener noreferrer\">Bilder von Uwe Fettin<\/a><\/p>\n","protected":false},"excerpt":{"rendered":"<p>Die 19. Arnsberger ADAC Klassik ist bei sch\u00f6nstem Wetter mit einem Teilnehmerrekord von 76 Startern am gestrigen Abend in gem\u00fctlicher Runde ausgeklungen. Das Gesamtergebnis f\u00fcr alle Klassen kann hier eingesehen werden:\u00c2\u00a0 19. Arnsberger Klassik &#8211; Gesamtergebnis Ein ausf\u00fchrlicher Bericht, Bilder und Videos folgen in K\u00fcrze! Hier k\u00f6nnen die ersten Bilder von Teilnehmer Holger St. eingesehen &hellip; <\/p>\n<p class=\"link-more\"><a href=\"https:\/\/www.amc-arnsberg.org\/?p=330\" class=\"more-link\"><span class=\"screen-reader-text\">\u201e19. Arnsberger Klassik &#8211; Gesamtergebnis\u201c<\/span> weiterlesen<\/a><\/p>\n","protected":false},"author":2,"featured_media":0,"comment_status":"open","ping_status":"open","sticky":false,"template":"","format":"standard","meta":{"footnotes":""},"categories":[3],"tags":[],"class_list":["post-330","post","type-post","status-publish","format-standard","hentry","category-arnsberger_klassik"],"_links":{"self":[{"href":"https:\/\/www.amc-arnsberg.org\/index.php?rest_route=\/wp\/v2\/posts\/330","targetHints":{"allow":["GET"]}}],"collection":[{"href":"https:\/\/www.amc-arnsberg.org\/index.php?rest_route=\/wp\/v2\/posts"}],"about":[{"href":"https:\/\/www.amc-arnsberg.org\/index.php?rest_route=\/wp\/v2\/types\/post"}],"author":[{"embeddable":true,"href":"https:\/\/www.amc-arnsberg.org\/index.php?rest_route=\/wp\/v2\/users\/2"}],"replies":[{"embeddable":true,"href":"https:\/\/www.amc-arnsberg.org\/index.php?rest_route=%2Fwp%2Fv2%2Fcomments&post=330"}],"version-history":[{"count":14,"href":"https:\/\/www.amc-arnsberg.org\/index.php?rest_route=\/wp\/v2\/posts\/330\/revisions"}],"predecessor-version":[{"id":4964,"href":"https:\/\/www.amc-arnsberg.org\/index.php?rest_route=\/wp\/v2\/posts\/330\/revisions\/4964"}],"wp:attachment":[{"href":"https:\/\/www.amc-arnsberg.org\/index.php?rest_route=%2Fwp%2Fv2%2Fmedia&parent=330"}],"wp:term":[{"taxonomy":"category","embeddable":true,"href":"https:\/\/www.amc-arnsberg.org\/index.php?rest_route=%2Fwp%2Fv2%2Fcategories&post=330"},{"taxonomy":"post_tag","embeddable":true,"href":"https:\/\/www.amc-arnsberg.org\/index.php?rest_route=%2Fwp%2Fv2%2Ftags&post=330"}],"curies":[{"name":"wp","href":"https:\/\/api.w.org\/{rel}","templated":true}]}}