{"id":3187,"date":"2018-12-21T11:03:46","date_gmt":"2018-12-21T10:03:46","guid":{"rendered":"http:\/\/amc-arnsberg.org\/?p=3187"},"modified":"2018-12-21T11:39:39","modified_gmt":"2018-12-21T10:39:39","slug":"2019-veranstaltungen","status":"publish","type":"post","link":"https:\/\/www.amc-arnsberg.org\/?p=3187","title":{"rendered":"2019 &#8211; Veranstaltungen"},"content":{"rendered":"\n<figure class=\"wp-block-image is-resized\"><img loading=\"lazy\" decoding=\"async\" src=\"http:\/\/amc-arnsberg.org\/wp-content\/uploads\/2018\/12\/036neu-1-993x1024.jpg\" alt=\"\" class=\"wp-image-3196\" width=\"130\" height=\"134\" srcset=\"https:\/\/www.amc-arnsberg.org\/wp-content\/uploads\/2018\/12\/036neu-1-993x1024.jpg 993w, https:\/\/www.amc-arnsberg.org\/wp-content\/uploads\/2018\/12\/036neu-1-291x300.jpg 291w, https:\/\/www.amc-arnsberg.org\/wp-content\/uploads\/2018\/12\/036neu-1-768x792.jpg 768w, https:\/\/www.amc-arnsberg.org\/wp-content\/uploads\/2018\/12\/036neu-1.jpg 1771w\" sizes=\"auto, (max-width: 130px) 100vw, 130px\" \/><\/figure>\n\n\n\n<p>Der R\u00fcckblick auf die Veranstaltungen 2018 ist gerade erst verfasst, da trudeln auch schon die Termine f\u00fcr das n\u00e4chste Jahr ein&#8230; Auch wenn die Klassik-Serien mit den vollst\u00e4ndigen Termin\u00fcbersichten erst im Februar an den Start gehen, stehen doch viele Veranstaltungstermine jetzt schon fest.<\/p>\n\n\n\n<p><\/p>\n\n\n\n<p><strong>Hier eine erste, nat\u00fcrlich rein subjektive, Auswahl.<\/strong><br><\/p>\n\n\n\n<table class=\"wp-block-table\"><tbody><tr><td><strong>02.02.2019<\/strong><br>  NAC Duisburg<br>  Winter Ori<br>  Duisburg<br>  www.nacduisburg.de <br>   <br><strong>02.03.2019<\/strong><br>  Hans-Christian  Werner, Osnabr\u00fcck<br>  Osna  Oldies &#8211; Osnabr\u00fccker Oldtimermesse und -teilemarkt<br>  Osnabr\u00fcck<br>  <a href=\"http:\/\/www.osna-oldies.de\/\">www.osna-oldies.de<\/a> <br>   <br><strong>13.04.2019<\/strong><br>  Herforder  Motorsport Club 1923 e.V. im ADAC<br>  ADAC  Linnenbauer Oldtimerfahrt<br>  Herford<br>  <a href=\"http:\/\/www.hmsc1923.de\/\">www.hmsc1923.de<\/a> <br>   <br><strong>14.04.2019<\/strong><br>  MSC  Aachen e.V.<br>  Aachener  Oldtimer Tag<br>  Aachen<br>  <a href=\"http:\/\/www.msc-aachen.de\/\">www.msc-aachen.de<\/a> <br>   <br><strong>22.04.2019<\/strong><br>  Warsteiner  Oldtimer Team e. V. und MSF Warstein<br>  Warsteiner  Ostereiersuchfahrt\/Classic<br>  Warstein<br>  <a href=\"http:\/\/www.warsteiner-oldtimer-team.de\/\">www.warsteiner-oldtimer-team.de<\/a> <br>   <br><strong>27.04.2019<\/strong><br>  ADAC  Westfalen Lippe<br>  Westfalen  Lippe Fahrt&nbsp;<br>  Bielefeld<br>  <a href=\"http:\/\/www.adac-owl.de\/\">www.adac-owl.de<\/a> <br>   <br><strong>01.05.2019<\/strong><br>  Velper  Oldtimerfreunde und MSC Westerkappeln<br>  Velper  Oldtimertreffen<br>  Westerkappeln<br>  <a href=\"http:\/\/msc-westerkappeln.de\/\">http:\/\/msc-westerkappeln.de\/<\/a> <br>   <br><strong>05.05.2019<\/strong><br>  MSF Lengerich  e.V. im ADAC<br>  ADAC Emsland  Classic<br>  Lengerich<br>  <a href=\"http:\/\/www.emsland-classic.de\/\">www.emsland-classic.de<\/a> <br>   <br><strong>05.05.2019<\/strong><br>  AC  Vechta e.V. im ADAC<br>  S\u00fcdoldenburger  ADAC Oldtimer Rallye<br>  Vechta<br>  <a href=\"http:\/\/www.ac-vechta.de\/\">www.ac-vechta.de<\/a> <br>   <br><strong>10.05.2019<\/strong><br>  MSC Adenau e.V.  im ADAC<br>  Int. ADAC  Adenau Classic<br>  Adenau\/  N\u00fcrburgring<br>  <a href=\"http:\/\/www.mscadenau.de\/\">www.mscadenau.de<\/a> <br>   <br><strong>11.05.2019<\/strong><br>  Paul Witteler<br>  20. OSR&nbsp; &#8211; Oldtimer Sauerland Rallye<br>  Brilon<br>  <a href=\"http:\/\/www.witteler-automobile.de\/\">www.witteler-automobile.de<\/a> <br>   <br><strong>12.05.2019<\/strong><br>  AMC Arnsberg eV<br>  Ori75 bzw.  Cabrio Fahrt<br>  Arnsberg<br>  www.amc-arnsberg.de <br>   <br><strong>12.05.2019<\/strong><br>  MSC Osnabr\u00fccker  Land e.V. im ADAC<br>  22.  ADAC Old- und Youngtimertreffen Glandorf 2019<br>  Glandorrf<br>  www.msc-osnabruecker-land.de <br>   <br><strong>31.05.2019<\/strong><br>  Heinz Event  Marketing<br>  SarLorLux  Classic<br>  Saarbr\u00fccken<br>  <a href=\"http:\/\/www.classique.de\/\">www.classique.de<\/a> <br>   <br><strong>01.06.2019<\/strong><br>  MSC  Oelde<br>  Rund  um Oelde<br>  Oelde<br>  <a href=\"http:\/\/www.ac-oelde.de\/\">www.ac-oelde.de<\/a> <br>   <br><strong>02.06.2019<\/strong><br>  OC  Delmenhorst im ADAC e.V.<br>  ADAC  Oldtimer Klassik &#8222;Rund um die H\u00fcnengr\u00e4ber&#8220;<br>  Delmenhorst<br>  <a href=\"http:\/\/www.oc-delmenhorst.de\/\">www.oc-delmenhorst.de<\/a> <br>   <br><strong>08.06.2019<\/strong><br>  Hagener  Automobil Club e.V.<br>  Hagen  Klassik<br>  Hagen<br>  <a href=\"http:\/\/www.hagen-klassik.de\/\">www.hagen-klassik.de<\/a> <br>   <br><strong>08.06.2019<\/strong><br>  Scuderia  Colonia e.V im ADAC<br>  Scuderia  Colonia Classic<br>  N\u00fcrburgring<br>  <a href=\"http:\/\/www.scuderia-colonia.de\/\">www.scuderia-colonia.de<\/a> <br>   <br><strong>10.06.2019<\/strong><br>  AC  Bielefeld e.V. im ADAC<br>  Oldtimer  Treffen Buschkamp inkl. Touristische Oldtimerfahrt f\u00fcr Automobile<br>  Bielefeld<br>  <a href=\"http:\/\/www.acbielefeld.de\/\">www.acbielefeld.de<\/a> <br>   <br><strong>15.06.2019<\/strong><br>  Aachener  Karnevals Verein AKV<br>  AKV  Oldtimer Rallye THE RACE&nbsp;<br>  Aachen<br>  www.akv.de\/de\/veranstaltungen\/oldtimer-rallye-the-race.html <br>   <br><strong>15.06.2019<\/strong><br>  Automobilclub  Ahaus e.V. im ADAC<br>  Internationale  Barock-Classic Rallye Ahaus<br>  Ahaus<br>  <a href=\"http:\/\/www.ac-ahaus.de\/\">www.ac-ahaus.de<\/a> <br>   <br><strong>15.06.2019<\/strong><br>  AMC  Schwelm<br>  &nbsp;ORI 75 Rund um den Ennepe-Ruhr-Kreis<br>  Schwelm<br>  <a href=\"http:\/\/www.amc-schwelm.de\/\">www.amc-schwelm.de<\/a> <br>   <br><strong>16.06.2019<\/strong><br>  AMC  Arnsberg eV<br>  Cronenberg-Ged\u00e4chtnisfahrt<br>  Arnsberg<br>  www.amc-arnsberg.de <br>   <br><strong>29.06.2019<\/strong><br>  AC  Lemgo<br>  Lippische  Bergfahrt AC Lemgo<br>  Lemgo<br>  <a href=\"http:\/\/www.aclemgo.de\/\">www.aclemgo.de<\/a> <br>   <br><strong>29.06.2019<\/strong><br>  Automobil-Club  Bergisch-Land e.V. (ACBL))<br>  Hasten  Historic \u201eRund um das Werkzeugmuseum\u201c<br>  Remscheid<br>  <a href=\"http:\/\/hasten-historic.acbl.de\/\">http:\/\/hasten-historic.acbl.de\/<\/a> <br>   <br><strong>30.06.2019<\/strong><br>  ECURIE  Aix-la-Chapelle im DMV e.V. 1968<br>  Int.  DMV Oldtimer Rallye Aachen<br>  Aachen<br>  <a href=\"http:\/\/www.ecurie-aachen.de\/\">www.ecurie-aachen.de<\/a> <br>   <br><strong>13.07.2019<\/strong><br>  VFF  G\u00f6ttingen e. V. im ADAC<br>  VFFG Historik<br>  G\u00f6ttingen<br>  <a href=\"http:\/\/www.vffg-ev.de\/\">www.vffg-ev.de<\/a> <br>   <br><strong>14.07.2019<\/strong><br>  Ahr-Automobil-Club  1924 e.v. im ADAC<br>  Ahr-Rotwein-Klassik  Oldtimer- und Youngtimer-Fahrt<br>  Bad  Neuenahr\/Ahrweiler<br>  <a href=\"http:\/\/www.ahr-rotwein-klassik.de\/\">www.ahr-rotwein-klassik.de\/<\/a> <br>   <br><strong>27.07.2019<\/strong><br>  Verein  f\u00fcr Motorsport e.V. im ADAC<br>  Internationale  VFM-Heide-Classic<br>  Munster<br>  <a href=\"http:\/\/www.vfm-heide-classic.de\/\">www.vfm-heide-classic.de<\/a> <br>   <br><strong>02.08.2019<\/strong><br>  Classic  Days Schloss Dyk<br>  Stiftung  Schloss Dyk<br>  N\u00e4he  D\u00fcsseldorf<br>  www.schloss-dyck-classic-days.de <br>   <br><strong>03.08.2019<\/strong><br>  ADAC  Mittelrhein e.V.<br>  Mittelrhein  Classic<br>  Bad  Ems<br>  <a href=\"http:\/\/www.mittelrhein-classic.de\/\">www.mittelrhein-classic.de\/<\/a> <br>   <br><strong>04.08.2019<\/strong><br>  AMC  Wittgenstein Bad Berleburg e.V.<br>  Bad  Berleburger Oldtimer Tour<br>  Bad  Berleburg<br>  www.amc-bad-berleburg.de <br>   <br><strong>04.08.2019<\/strong><br>  AC  Melle e.V. im ADAC<br>  &nbsp;ADAC Oldtimerrallye Rund um Melle<br>  Melle-Gesmold<br>  www.ac-melle.de <br>   <br><strong>10.08.2019<\/strong><br>  MSC  Altena e.V. im ADAC<br>  Historische  Rallye Burg Altena<br>  Altena<br>  <a href=\"http:\/\/www.msc-altena.de\/\">www.msc-altena.de<\/a> <br>   <br><strong>10.08.2019<\/strong><br>  AC  Verden e. V. im ADAC<br>    Int.  ADAC Oldtimer- und Classic Rallye der Reiterstadt Verden\/Aller<br>  Verden<br>  <a href=\"http:\/\/www.acverden.com\/\">www.acverden.com<\/a> <br>   <br><strong>25.08.2019<\/strong><br>  1.  Hammer Oldtimer Register<br>  Hamm  Erfahren<br>  Hamm<br>  <a href=\"http:\/\/www.hamm.de\/erfahren.html\">www.hamm.de\/erfahren.html<\/a> <br>   <br><strong>25.08.2019<\/strong><br>  AMC  Burbach<br>  Siegerland Classics<br>  Maxi-Autohof  in Wilnsdorf<br>  <a href=\"http:\/\/www.siegerland-classic.de\/\">www.siegerland-classic.de<\/a> <br>   <br><strong>31.08.2019<\/strong><br>  MSC  Hermannsdenkmal e.V. im ADAC<br>  ADAC  Cheruskerfahrt &#8222;Klassik&#8220;<br>  Detmold<br>  <a href=\"http:\/\/www.msc-hermannsdenkmal.de\/\">www.msc-hermannsdenkmal.de\/<\/a> <br>   <br><strong>07.09.2019<\/strong><br>  AMC  Arnsberg eV<br>  Oldtimer  Rallye Arnsberg<br>  Arnsberg<br>  www.amc-arnsberg.de <br>   <br><strong>08.09.2019<\/strong><br>  MS  Verthe e.V. im ADAC<br>  &nbsp;ADAC Oldtimer Rallye Wiehengebirge<br>  Belm-Verthe<br>  www.motor-sport-vehrte.de\/ <br>   <br><strong>14.09.2019<\/strong><br>  AC  M\u00fcnster e.V. im ADAC<br>  Kiepenkerl  Klassik<br>  M\u00fcnster<br>  <a href=\"http:\/\/www.ac-muenster.de\/\">www.ac-muenster.de<\/a> <br>   <br><strong>28.09.2019<\/strong><br>  AMC  Stemweder Berg im ADAC<br>  Rallye Stemweder Berg  Historic<br>  L\u00fcbbecke<br>  <a href=\"http:\/\/www.amc-stemweder-berg.de\/\">www.amc-stemweder-berg.de<\/a> <br>   <br><strong>28.09.2019<\/strong><br>  AC Bramsche<br>  Haserundfahrt<br>  Bramsche<br>  <a href=\"http:\/\/www.acbramsche.de\/ori\/index.htm\">www.acbramsche.de\/ori\/index.htm<\/a> <br>   <br><strong>06.10.2019<\/strong><br>  Velper  Oldtimerfreunde und MSC Westerkappeln<br>  Oldtimer  Rallye Westerkappeln<br>  Westerkappeln<br>  <a href=\"http:\/\/msc-westerkappeln.de\/\">http:\/\/msc-westerkappeln.de\/<\/a> <br>   <br><strong>12.10.2019<\/strong><br>  MSC Ruhrblitz  im ADAC<br>  Rallye Ruhrgebiet Classic<br>  Bochum<br>  <a href=\"http:\/\/www.ruhrblitz.de\/\">www.ruhrblitz.de<\/a> <br>   <br><strong>03.11.2019<\/strong><br>  AMC Arnsberg eV<br>  Dieter-Zantner-Ged\u00e4chtnisfahrt<br>  Arnsberg<br>  www.amc-arnsberg.de <br>  <\/td><td><\/td><\/tr><tr><td><em>Alle Angaben wie immer ohne Gew\u00e4hr!<\/em><br><\/td><td><\/td><\/tr><\/tbody><\/table>\n","protected":false},"excerpt":{"rendered":"<p>Der R\u00fcckblick auf die Veranstaltungen 2018 ist gerade erst verfasst, da trudeln auch schon die Termine f\u00fcr das n\u00e4chste Jahr ein&#8230; Auch wenn die Klassik-Serien mit den vollst\u00e4ndigen Termin\u00fcbersichten erst im Februar an den Start gehen, stehen doch viele Veranstaltungstermine jetzt schon fest. Hier eine erste, nat\u00fcrlich rein subjektive, Auswahl. 02.02.2019 NAC Duisburg Winter Ori &hellip; <\/p>\n<p class=\"link-more\"><a href=\"https:\/\/www.amc-arnsberg.org\/?p=3187\" class=\"more-link\"><span class=\"screen-reader-text\">\u201e2019 &#8211; Veranstaltungen\u201c<\/span> weiterlesen<\/a><\/p>\n","protected":false},"author":2,"featured_media":0,"comment_status":"open","ping_status":"open","sticky":false,"template":"","format":"standard","meta":{"footnotes":""},"categories":[21],"tags":[],"class_list":["post-3187","post","type-post","status-publish","format-standard","hentry","category-veranstaltungen-archiv"],"_links":{"self":[{"href":"https:\/\/www.amc-arnsberg.org\/index.php?rest_route=\/wp\/v2\/posts\/3187","targetHints":{"allow":["GET"]}}],"collection":[{"href":"https:\/\/www.amc-arnsberg.org\/index.php?rest_route=\/wp\/v2\/posts"}],"about":[{"href":"https:\/\/www.amc-arnsberg.org\/index.php?rest_route=\/wp\/v2\/types\/post"}],"author":[{"embeddable":true,"href":"https:\/\/www.amc-arnsberg.org\/index.php?rest_route=\/wp\/v2\/users\/2"}],"replies":[{"embeddable":true,"href":"https:\/\/www.amc-arnsberg.org\/index.php?rest_route=%2Fwp%2Fv2%2Fcomments&post=3187"}],"version-history":[{"count":15,"href":"https:\/\/www.amc-arnsberg.org\/index.php?rest_route=\/wp\/v2\/posts\/3187\/revisions"}],"predecessor-version":[{"id":3208,"href":"https:\/\/www.amc-arnsberg.org\/index.php?rest_route=\/wp\/v2\/posts\/3187\/revisions\/3208"}],"wp:attachment":[{"href":"https:\/\/www.amc-arnsberg.org\/index.php?rest_route=%2Fwp%2Fv2%2Fmedia&parent=3187"}],"wp:term":[{"taxonomy":"category","embeddable":true,"href":"https:\/\/www.amc-arnsberg.org\/index.php?rest_route=%2Fwp%2Fv2%2Fcategories&post=3187"},{"taxonomy":"post_tag","embeddable":true,"href":"https:\/\/www.amc-arnsberg.org\/index.php?rest_route=%2Fwp%2Fv2%2Ftags&post=3187"}],"curies":[{"name":"wp","href":"https:\/\/api.w.org\/{rel}","templated":true}]}}