{"id":313,"date":"2011-08-28T11:15:29","date_gmt":"2011-08-28T10:15:29","guid":{"rendered":"http:\/\/amc-arnsberg.org\/?p=313"},"modified":"2020-10-23T21:04:37","modified_gmt":"2020-10-23T19:04:37","slug":"die-19-arnsberger-adac-klassik-in-der-presse","status":"publish","type":"post","link":"https:\/\/www.amc-arnsberg.org\/?p=313","title":{"rendered":"Die 19. Arnsberger ADAC Klassik in der Presse"},"content":{"rendered":"<p>Berichterstattung in der Westf\u00e4lischen Rundschau am 06.09.2011<\/p>\n<p><a href=\"http:\/\/amc-arnsberg.org\/wp-content\/uploads\/2011\/08\/Presse.pdf\"><span><a href=\"http:\/\/amc-arnsberg.org\/wp-content\/uploads\/2011\/08\/wr-06.09.21.jpg\"><img loading=\"lazy\" decoding=\"async\" class=\"alignnone size-medium wp-image-341\" title=\"wr 06.09.2\" src=\"http:\/\/amc-arnsberg.org\/wp-content\/uploads\/2011\/08\/wr-06.09.21-300x186.jpg\" alt=\"\" width=\"300\" height=\"186\" srcset=\"https:\/\/www.amc-arnsberg.org\/wp-content\/uploads\/2011\/08\/wr-06.09.21-300x186.jpg 300w, https:\/\/www.amc-arnsberg.org\/wp-content\/uploads\/2011\/08\/wr-06.09.21-1024x636.jpg 1024w, https:\/\/www.amc-arnsberg.org\/wp-content\/uploads\/2011\/08\/wr-06.09.21.jpg 1054w\" sizes=\"auto, (max-width: 300px) 100vw, 300px\" \/><\/a><\/span><\/a><\/p>\n<p>und in der Westfalenpost zus\u00e4tzlich<\/p>\n<p><a href=\"http:\/\/amc-arnsberg.org\/wp-content\/uploads\/2011\/08\/wp-06.09.2.jpg\"><img loading=\"lazy\" decoding=\"async\" class=\"alignnone size-medium wp-image-347\" title=\"wp 06.09.2\" src=\"http:\/\/amc-arnsberg.org\/wp-content\/uploads\/2011\/08\/wp-06.09.2-297x300.jpg\" alt=\"\" width=\"297\" height=\"300\" srcset=\"https:\/\/www.amc-arnsberg.org\/wp-content\/uploads\/2011\/08\/wp-06.09.2-297x300.jpg 297w, https:\/\/www.amc-arnsberg.org\/wp-content\/uploads\/2011\/08\/wp-06.09.2.jpg 555w\" sizes=\"auto, (max-width: 297px) 100vw, 297px\" \/><\/a><\/p>\n<p>Vorberichte zur 19. Arnsberger ADAC Klassik 2011<\/p>\n<p><a href=\"http:\/\/amc-arnsberg.org\/wp-content\/uploads\/2011\/08\/vorbericht-sauerlandkurier1.jpg\"><img loading=\"lazy\" decoding=\"async\" class=\"alignnone size-medium wp-image-315\" title=\"vorbericht sauerlandkurier\" src=\"http:\/\/amc-arnsberg.org\/wp-content\/uploads\/2011\/08\/vorbericht-sauerlandkurier1-186x300.jpg\" alt=\"\" width=\"186\" height=\"300\" srcset=\"https:\/\/www.amc-arnsberg.org\/wp-content\/uploads\/2011\/08\/vorbericht-sauerlandkurier1-186x300.jpg 186w, https:\/\/www.amc-arnsberg.org\/wp-content\/uploads\/2011\/08\/vorbericht-sauerlandkurier1.jpg 536w\" sizes=\"auto, (max-width: 186px) 100vw, 186px\" \/><\/a><a href=\"http:\/\/amc-arnsberg.org\/wp-content\/uploads\/2011\/08\/wa-06.09.2.jpg\"><img loading=\"lazy\" decoding=\"async\" class=\"size-medium wp-image-348 aligncenter\" title=\"wa 06.09.2\" src=\"http:\/\/amc-arnsberg.org\/wp-content\/uploads\/2011\/08\/wa-06.09.2-114x300.jpg\" alt=\"\" width=\"114\" height=\"300\" srcset=\"https:\/\/www.amc-arnsberg.org\/wp-content\/uploads\/2011\/08\/wa-06.09.2-114x300.jpg 114w, https:\/\/www.amc-arnsberg.org\/wp-content\/uploads\/2011\/08\/wa-06.09.2-389x1024.jpg 389w, https:\/\/www.amc-arnsberg.org\/wp-content\/uploads\/2011\/08\/wa-06.09.2.jpg 394w\" sizes=\"auto, (max-width: 114px) 100vw, 114px\" \/><\/a><\/p>\n<p><a href=\"http:\/\/amc-arnsberg.org\/wp-content\/uploads\/2011\/08\/vorbericht-sauerlandkurier1.jpg\">S<\/a>auerlandkurier\u00c2\u00a0 am 28.09.2011<\/p>\n<p><a href=\"http:\/\/amc-arnsberg.org\/wp-content\/uploads\/2011\/08\/vorbericht-wr-31.08.22.jpg\"><img loading=\"lazy\" decoding=\"async\" class=\"alignnone size-medium wp-image-326\" title=\"vorbericht wr 31.08.2\" src=\"http:\/\/amc-arnsberg.org\/wp-content\/uploads\/2011\/08\/vorbericht-wr-31.08.22-162x300.jpg\" alt=\"\" width=\"162\" height=\"300\" srcset=\"https:\/\/www.amc-arnsberg.org\/wp-content\/uploads\/2011\/08\/vorbericht-wr-31.08.22-162x300.jpg 162w, https:\/\/www.amc-arnsberg.org\/wp-content\/uploads\/2011\/08\/vorbericht-wr-31.08.22.jpg 540w\" sizes=\"auto, (max-width: 162px) 100vw, 162px\" \/><\/a><\/p>\n<p>Westf\u00e4lische Rundschau<\/p>\n<p>am 31.08.2011<\/p>\n","protected":false},"excerpt":{"rendered":"<p>Berichterstattung in der Westf\u00e4lischen Rundschau am 06.09.2011 und in der Westfalenpost zus\u00e4tzlich Vorberichte zur 19. Arnsberger ADAC Klassik 2011 Sauerlandkurier\u00c2\u00a0 am 28.09.2011 Westf\u00e4lische Rundschau am 31.08.2011<\/p>\n","protected":false},"author":2,"featured_media":0,"comment_status":"open","ping_status":"open","sticky":false,"template":"","format":"standard","meta":{"footnotes":""},"categories":[3],"tags":[],"class_list":["post-313","post","type-post","status-publish","format-standard","hentry","category-arnsberger_klassik"],"_links":{"self":[{"href":"https:\/\/www.amc-arnsberg.org\/index.php?rest_route=\/wp\/v2\/posts\/313","targetHints":{"allow":["GET"]}}],"collection":[{"href":"https:\/\/www.amc-arnsberg.org\/index.php?rest_route=\/wp\/v2\/posts"}],"about":[{"href":"https:\/\/www.amc-arnsberg.org\/index.php?rest_route=\/wp\/v2\/types\/post"}],"author":[{"embeddable":true,"href":"https:\/\/www.amc-arnsberg.org\/index.php?rest_route=\/wp\/v2\/users\/2"}],"replies":[{"embeddable":true,"href":"https:\/\/www.amc-arnsberg.org\/index.php?rest_route=%2Fwp%2Fv2%2Fcomments&post=313"}],"version-history":[{"count":8,"href":"https:\/\/www.amc-arnsberg.org\/index.php?rest_route=\/wp\/v2\/posts\/313\/revisions"}],"predecessor-version":[{"id":4963,"href":"https:\/\/www.amc-arnsberg.org\/index.php?rest_route=\/wp\/v2\/posts\/313\/revisions\/4963"}],"wp:attachment":[{"href":"https:\/\/www.amc-arnsberg.org\/index.php?rest_route=%2Fwp%2Fv2%2Fmedia&parent=313"}],"wp:term":[{"taxonomy":"category","embeddable":true,"href":"https:\/\/www.amc-arnsberg.org\/index.php?rest_route=%2Fwp%2Fv2%2Fcategories&post=313"},{"taxonomy":"post_tag","embeddable":true,"href":"https:\/\/www.amc-arnsberg.org\/index.php?rest_route=%2Fwp%2Fv2%2Ftags&post=313"}],"curies":[{"name":"wp","href":"https:\/\/api.w.org\/{rel}","templated":true}]}}