{"id":1485,"date":"2015-08-17T12:45:51","date_gmt":"2015-08-17T11:45:51","guid":{"rendered":"http:\/\/amc-arnsberg.org\/?p=1485"},"modified":"2015-10-22T14:11:56","modified_gmt":"2015-10-22T13:11:56","slug":"amc-bei-klassikerfahrten-erfolgreich","status":"publish","type":"post","link":"https:\/\/www.amc-arnsberg.org\/?p=1485","title":{"rendered":"AMC bei Klassikerfahrten erfolgreich"},"content":{"rendered":"<p>Der AMC holt bei der Werler Klassik den 2. und 3. Platz in der Mannschaftswertung<\/p>\n<p><a href=\"http:\/\/amc-arnsberg.org\/wp-content\/uploads\/2015\/08\/IMG-20150621-WA0003.jpg\"><img loading=\"lazy\" decoding=\"async\" class=\"alignleft size-thumbnail wp-image-1488\" src=\"http:\/\/amc-arnsberg.org\/wp-content\/uploads\/2015\/08\/IMG-20150621-WA0003-150x150.jpg\" alt=\"IMG-20150621-WA0003\" width=\"150\" height=\"150\" \/><\/a> <a href=\"http:\/\/amc-arnsberg.org\/wp-content\/uploads\/2015\/08\/IMG-20150621-WA0004.jpg\"><img loading=\"lazy\" decoding=\"async\" class=\"alignleft size-thumbnail wp-image-1489\" src=\"http:\/\/amc-arnsberg.org\/wp-content\/uploads\/2015\/08\/IMG-20150621-WA0004-150x150.jpg\" alt=\"IMG-20150621-WA0004\" width=\"150\" height=\"150\" \/><\/a> <a href=\"http:\/\/amc-arnsberg.org\/wp-content\/uploads\/2015\/08\/IMG-20150621-WA0002.jpg\"><img loading=\"lazy\" decoding=\"async\" class=\"alignleft size-thumbnail wp-image-1487\" src=\"http:\/\/amc-arnsberg.org\/wp-content\/uploads\/2015\/08\/IMG-20150621-WA0002-150x150.jpg\" alt=\"IMG-20150621-WA0002\" width=\"150\" height=\"150\" \/><\/a> <a href=\"http:\/\/amc-arnsberg.org\/wp-content\/uploads\/2015\/08\/IMG-20150621-WA0001.jpg\"><img loading=\"lazy\" decoding=\"async\" class=\"alignleft size-thumbnail wp-image-1486\" src=\"http:\/\/amc-arnsberg.org\/wp-content\/uploads\/2015\/08\/IMG-20150621-WA0001-150x150.jpg\" alt=\"IMG-20150621-WA0001\" width=\"150\" height=\"150\" \/><\/a><\/p>\n<p>&nbsp;<\/p>\n<p>&nbsp;<\/p>\n<p>&nbsp;<\/p>\n<p>&nbsp;<\/p>\n<p>&nbsp;<\/p>\n<p>&nbsp;<\/p>\n<p>&nbsp;<\/p>\n<p>Andre Behrensdorf und Dirk Waldeyer holen den 3. Platz von 54 Startern auf einem VW\u00c2\u00a0K\u00e4fer 1200 bei der B\u00f6rde Klassik!<\/p>\n<p><a href=\"http:\/\/amc-arnsberg.org\/wp-content\/uploads\/2015\/08\/IMG-20150805-WA0002.jpg\"><img loading=\"lazy\" decoding=\"async\" class=\"alignleft size-thumbnail wp-image-1491\" src=\"http:\/\/amc-arnsberg.org\/wp-content\/uploads\/2015\/08\/IMG-20150805-WA0002-150x150.jpg\" alt=\"IMG-20150805-WA0002\" width=\"150\" height=\"150\" \/><\/a><\/p>\n<p>&nbsp;<\/p>\n<p>&nbsp;<\/p>\n<p>Bei der Haarstrangrallye belegt das Team Andre Behrensdorf und Dirk Waldeyer\u00c2\u00a0 in der Klasse D1 den 2. Platz \u00c2\u00a0von 14 Startern und Team Hubert Wiegart und seinem Sohn als Beifahrer auf einem Opel Admiral\u00c2\u00a0bei st\u00f6hmenden Regen den 2. Platz von 16 Startern in der\u00c2\u00a0Gruppe C2.<\/p>\n<p><a href=\"http:\/\/amc-arnsberg.org\/wp-content\/uploads\/2015\/08\/IMG-20150805-WA0001.jpg\"><img loading=\"lazy\" decoding=\"async\" class=\"alignleft size-thumbnail wp-image-1490\" src=\"http:\/\/amc-arnsberg.org\/wp-content\/uploads\/2015\/08\/IMG-20150805-WA0001-150x150.jpg\" alt=\"IMG-20150805-WA0001\" width=\"150\" height=\"150\" \/><\/a> <a href=\"http:\/\/amc-arnsberg.org\/wp-content\/uploads\/2015\/03\/20150315_141552.jpg\"><img loading=\"lazy\" decoding=\"async\" class=\"alignleft size-thumbnail wp-image-1419\" src=\"http:\/\/amc-arnsberg.org\/wp-content\/uploads\/2015\/03\/20150315_141552-150x150.jpg\" alt=\"20150315_141552\" width=\"150\" height=\"150\" \/><\/a><\/p>\n<p>&nbsp;<\/p>\n","protected":false},"excerpt":{"rendered":"<p>Der AMC holt bei der Werler Klassik den 2. und 3. Platz in der Mannschaftswertung &nbsp; &nbsp; &nbsp; &nbsp; &nbsp; &nbsp; &nbsp; Andre Behrensdorf und Dirk Waldeyer holen den 3. Platz von 54 Startern auf einem VW\u00c2\u00a0K\u00e4fer 1200 bei der B\u00f6rde Klassik! &nbsp; &nbsp; Bei der Haarstrangrallye belegt das Team Andre Behrensdorf und Dirk Waldeyer\u00c2\u00a0 &hellip; <\/p>\n<p class=\"link-more\"><a href=\"https:\/\/www.amc-arnsberg.org\/?p=1485\" class=\"more-link\"><span class=\"screen-reader-text\">\u201eAMC bei Klassikerfahrten erfolgreich\u201c<\/span> weiterlesen<\/a><\/p>\n","protected":false},"author":2,"featured_media":0,"comment_status":"open","ping_status":"open","sticky":false,"template":"","format":"standard","meta":{"footnotes":""},"categories":[16],"tags":[],"class_list":["post-1485","post","type-post","status-publish","format-standard","hentry","category-oldtimer"],"_links":{"self":[{"href":"https:\/\/www.amc-arnsberg.org\/index.php?rest_route=\/wp\/v2\/posts\/1485","targetHints":{"allow":["GET"]}}],"collection":[{"href":"https:\/\/www.amc-arnsberg.org\/index.php?rest_route=\/wp\/v2\/posts"}],"about":[{"href":"https:\/\/www.amc-arnsberg.org\/index.php?rest_route=\/wp\/v2\/types\/post"}],"author":[{"embeddable":true,"href":"https:\/\/www.amc-arnsberg.org\/index.php?rest_route=\/wp\/v2\/users\/2"}],"replies":[{"embeddable":true,"href":"https:\/\/www.amc-arnsberg.org\/index.php?rest_route=%2Fwp%2Fv2%2Fcomments&post=1485"}],"version-history":[{"count":3,"href":"https:\/\/www.amc-arnsberg.org\/index.php?rest_route=\/wp\/v2\/posts\/1485\/revisions"}],"predecessor-version":[{"id":1495,"href":"https:\/\/www.amc-arnsberg.org\/index.php?rest_route=\/wp\/v2\/posts\/1485\/revisions\/1495"}],"wp:attachment":[{"href":"https:\/\/www.amc-arnsberg.org\/index.php?rest_route=%2Fwp%2Fv2%2Fmedia&parent=1485"}],"wp:term":[{"taxonomy":"category","embeddable":true,"href":"https:\/\/www.amc-arnsberg.org\/index.php?rest_route=%2Fwp%2Fv2%2Fcategories&post=1485"},{"taxonomy":"post_tag","embeddable":true,"href":"https:\/\/www.amc-arnsberg.org\/index.php?rest_route=%2Fwp%2Fv2%2Ftags&post=1485"}],"curies":[{"name":"wp","href":"https:\/\/api.w.org\/{rel}","templated":true}]}}