{"id":1471,"date":"2015-08-20T11:29:21","date_gmt":"2015-08-20T10:29:21","guid":{"rendered":"http:\/\/amc-arnsberg.org\/?p=1471"},"modified":"2015-10-22T14:07:27","modified_gmt":"2015-10-22T13:07:27","slug":"amc-faehrt-karnevalsprinzen","status":"publish","type":"post","link":"https:\/\/www.amc-arnsberg.org\/?p=1471","title":{"rendered":"AMC f\u00e4hrt Karnevalsprinzen"},"content":{"rendered":"<p>Unter Federf\u00fchrung des AMC Kart-Jugendtrainers Thorsten Deimann f\u00e4hrt der AMC die Prinzen der &#8222;Kleinen Arnsberger Karnevalsgesellschaft&#8220; in klassischen Automobilen&#8220; zum gemeinsamen Fr\u00fchst\u00fcck nach H\u00f6vel und anschlie\u00dfend weiter nach Langscheid.<\/p>\n<p>Treffpunkt ist um 09:00 Uhr auf den Parkplatz bei Trinkgut auf der Clemens-August-Stra\u00dfe. Dann geht es in Kolonne zum Fotoshooting und zur Abholung der Prinsen\u00c2\u00a0am Arnsberger Bahnof.<\/p>\n<p>Folgend Fahrzeuge nehmen teil:<\/p>\n<ul>\n<li>BMW 1502<\/li>\n<li>Mercedes-Benz\u00c2\u00a0 W 123<\/li>\n<li>BMW Isetta<\/li>\n<li>Opel Admiral<\/li>\n<li>VW K\u00e4fer<\/li>\n<li>BMW 2002<\/li>\n<li>Autobianchi<\/li>\n<\/ul>\n<p>Hier 2 Bilder<\/p>\n<p><a href=\"http:\/\/amc-arnsberg.org\/wp-content\/uploads\/2015\/08\/DSC_6337.jpg\"><img loading=\"lazy\" decoding=\"async\" class=\"alignleft size-thumbnail wp-image-1533\" src=\"http:\/\/amc-arnsberg.org\/wp-content\/uploads\/2015\/08\/DSC_6337-150x150.jpg\" alt=\"DSC_6337\" width=\"150\" height=\"150\" \/><\/a> <a href=\"http:\/\/amc-arnsberg.org\/wp-content\/uploads\/2015\/08\/DSC_6349.jpg\"><img loading=\"lazy\" decoding=\"async\" class=\"alignleft size-thumbnail wp-image-1534\" src=\"http:\/\/amc-arnsberg.org\/wp-content\/uploads\/2015\/08\/DSC_6349-150x150.jpg\" alt=\"DSC_6349\" width=\"150\" height=\"150\" \/><\/a><\/p>\n","protected":false},"excerpt":{"rendered":"<p>Unter Federf\u00fchrung des AMC Kart-Jugendtrainers Thorsten Deimann f\u00e4hrt der AMC die Prinzen der &#8222;Kleinen Arnsberger Karnevalsgesellschaft&#8220; in klassischen Automobilen&#8220; zum gemeinsamen Fr\u00fchst\u00fcck nach H\u00f6vel und anschlie\u00dfend weiter nach Langscheid. Treffpunkt ist um 09:00 Uhr auf den Parkplatz bei Trinkgut auf der Clemens-August-Stra\u00dfe. Dann geht es in Kolonne zum Fotoshooting und zur Abholung der Prinsen\u00c2\u00a0am Arnsberger &hellip; <\/p>\n<p class=\"link-more\"><a href=\"https:\/\/www.amc-arnsberg.org\/?p=1471\" class=\"more-link\"><span class=\"screen-reader-text\">\u201eAMC f\u00e4hrt Karnevalsprinzen\u201c<\/span> weiterlesen<\/a><\/p>\n","protected":false},"author":2,"featured_media":0,"comment_status":"open","ping_status":"open","sticky":false,"template":"","format":"standard","meta":{"footnotes":""},"categories":[15,16],"tags":[],"class_list":["post-1471","post","type-post","status-publish","format-standard","hentry","category-ausfluege","category-oldtimer"],"_links":{"self":[{"href":"https:\/\/www.amc-arnsberg.org\/index.php?rest_route=\/wp\/v2\/posts\/1471","targetHints":{"allow":["GET"]}}],"collection":[{"href":"https:\/\/www.amc-arnsberg.org\/index.php?rest_route=\/wp\/v2\/posts"}],"about":[{"href":"https:\/\/www.amc-arnsberg.org\/index.php?rest_route=\/wp\/v2\/types\/post"}],"author":[{"embeddable":true,"href":"https:\/\/www.amc-arnsberg.org\/index.php?rest_route=\/wp\/v2\/users\/2"}],"replies":[{"embeddable":true,"href":"https:\/\/www.amc-arnsberg.org\/index.php?rest_route=%2Fwp%2Fv2%2Fcomments&post=1471"}],"version-history":[{"count":3,"href":"https:\/\/www.amc-arnsberg.org\/index.php?rest_route=\/wp\/v2\/posts\/1471\/revisions"}],"predecessor-version":[{"id":1535,"href":"https:\/\/www.amc-arnsberg.org\/index.php?rest_route=\/wp\/v2\/posts\/1471\/revisions\/1535"}],"wp:attachment":[{"href":"https:\/\/www.amc-arnsberg.org\/index.php?rest_route=%2Fwp%2Fv2%2Fmedia&parent=1471"}],"wp:term":[{"taxonomy":"category","embeddable":true,"href":"https:\/\/www.amc-arnsberg.org\/index.php?rest_route=%2Fwp%2Fv2%2Fcategories&post=1471"},{"taxonomy":"post_tag","embeddable":true,"href":"https:\/\/www.amc-arnsberg.org\/index.php?rest_route=%2Fwp%2Fv2%2Ftags&post=1471"}],"curies":[{"name":"wp","href":"https:\/\/api.w.org\/{rel}","templated":true}]}}