{"id":1414,"date":"2015-03-16T14:17:14","date_gmt":"2015-03-16T13:17:14","guid":{"rendered":"http:\/\/amc-arnsberg.org\/?p=1414"},"modified":"2015-10-22T14:12:38","modified_gmt":"2015-10-22T13:12:38","slug":"amc-arnsberg-auf-dem-neheimer-fruehlingsfest","status":"publish","type":"post","link":"https:\/\/www.amc-arnsberg.org\/?p=1414","title":{"rendered":"AMC Arnsberg auf dem Neheimer Fr\u00fchlingsfest"},"content":{"rendered":"<p>Der AMC Arnsberg und die Jugendgruppe des AMC mit ihren Karts pr\u00e4sentierten sich am 15.03.2015 auf dem Neheimer Fr\u00fchlingsfest. Trotz des sehr k\u00fchlen, regnerischen Wetters war das Interesse an den\u00c2\u00a0ausgestellten Fahrzeugne sehr gut.<\/p>\n<p>Hier einige Bilder vom Sonntag:<\/p>\n<p><a href=\"http:\/\/amc-arnsberg.org\/wp-content\/uploads\/2015\/03\/20150315_141452.jpg\"><img loading=\"lazy\" decoding=\"async\" class=\"alignnone size-thumbnail wp-image-1415\" src=\"http:\/\/amc-arnsberg.org\/wp-content\/uploads\/2015\/03\/20150315_141452-150x150.jpg\" alt=\"20150315_141452\" width=\"150\" height=\"150\" \/><\/a> <a href=\"http:\/\/amc-arnsberg.org\/wp-content\/uploads\/2015\/03\/20150315_141526.jpg\"><img loading=\"lazy\" decoding=\"async\" class=\"alignnone size-thumbnail wp-image-1417\" src=\"http:\/\/amc-arnsberg.org\/wp-content\/uploads\/2015\/03\/20150315_141526-150x150.jpg\" alt=\"20150315_141526\" width=\"150\" height=\"150\" \/><\/a> <a href=\"http:\/\/amc-arnsberg.org\/wp-content\/uploads\/2015\/03\/20150315_141534.jpg\"><img loading=\"lazy\" decoding=\"async\" class=\"alignnone size-thumbnail wp-image-1418\" src=\"http:\/\/amc-arnsberg.org\/wp-content\/uploads\/2015\/03\/20150315_141534-150x150.jpg\" alt=\"20150315_141534\" width=\"150\" height=\"150\" \/><\/a> <a href=\"http:\/\/amc-arnsberg.org\/wp-content\/uploads\/2015\/03\/20150315_141552.jpg\"><img loading=\"lazy\" decoding=\"async\" class=\"alignnone size-thumbnail wp-image-1419\" src=\"http:\/\/amc-arnsberg.org\/wp-content\/uploads\/2015\/03\/20150315_141552-150x150.jpg\" alt=\"20150315_141552\" width=\"150\" height=\"150\" \/><\/a> <a href=\"http:\/\/amc-arnsberg.org\/wp-content\/uploads\/2015\/03\/20150315_141619.jpg\"><img loading=\"lazy\" decoding=\"async\" class=\"alignnone size-thumbnail wp-image-1420\" src=\"http:\/\/amc-arnsberg.org\/wp-content\/uploads\/2015\/03\/20150315_141619-150x150.jpg\" alt=\"20150315_141619\" width=\"150\" height=\"150\" \/><\/a> <a href=\"http:\/\/amc-arnsberg.org\/wp-content\/uploads\/2015\/03\/20150315_141957.jpg\"><img loading=\"lazy\" decoding=\"async\" class=\"alignnone size-thumbnail wp-image-1421\" src=\"http:\/\/amc-arnsberg.org\/wp-content\/uploads\/2015\/03\/20150315_141957-150x150.jpg\" alt=\"20150315_141957\" width=\"150\" height=\"150\" \/><\/a> <a href=\"http:\/\/amc-arnsberg.org\/wp-content\/uploads\/2015\/03\/20150315_142059.jpg\"><img loading=\"lazy\" decoding=\"async\" class=\"alignnone size-thumbnail wp-image-1422\" src=\"http:\/\/amc-arnsberg.org\/wp-content\/uploads\/2015\/03\/20150315_142059-150x150.jpg\" alt=\"20150315_142059\" width=\"150\" height=\"150\" \/><\/a><\/p>\n","protected":false},"excerpt":{"rendered":"<p>Der AMC Arnsberg und die Jugendgruppe des AMC mit ihren Karts pr\u00e4sentierten sich am 15.03.2015 auf dem Neheimer Fr\u00fchlingsfest. Trotz des sehr k\u00fchlen, regnerischen Wetters war das Interesse an den\u00c2\u00a0ausgestellten Fahrzeugne sehr gut. Hier einige Bilder vom Sonntag:<\/p>\n","protected":false},"author":2,"featured_media":0,"comment_status":"open","ping_status":"open","sticky":false,"template":"","format":"standard","meta":{"footnotes":""},"categories":[16],"tags":[],"class_list":["post-1414","post","type-post","status-publish","format-standard","hentry","category-oldtimer"],"_links":{"self":[{"href":"https:\/\/www.amc-arnsberg.org\/index.php?rest_route=\/wp\/v2\/posts\/1414","targetHints":{"allow":["GET"]}}],"collection":[{"href":"https:\/\/www.amc-arnsberg.org\/index.php?rest_route=\/wp\/v2\/posts"}],"about":[{"href":"https:\/\/www.amc-arnsberg.org\/index.php?rest_route=\/wp\/v2\/types\/post"}],"author":[{"embeddable":true,"href":"https:\/\/www.amc-arnsberg.org\/index.php?rest_route=\/wp\/v2\/users\/2"}],"replies":[{"embeddable":true,"href":"https:\/\/www.amc-arnsberg.org\/index.php?rest_route=%2Fwp%2Fv2%2Fcomments&post=1414"}],"version-history":[{"count":1,"href":"https:\/\/www.amc-arnsberg.org\/index.php?rest_route=\/wp\/v2\/posts\/1414\/revisions"}],"predecessor-version":[{"id":1424,"href":"https:\/\/www.amc-arnsberg.org\/index.php?rest_route=\/wp\/v2\/posts\/1414\/revisions\/1424"}],"wp:attachment":[{"href":"https:\/\/www.amc-arnsberg.org\/index.php?rest_route=%2Fwp%2Fv2%2Fmedia&parent=1414"}],"wp:term":[{"taxonomy":"category","embeddable":true,"href":"https:\/\/www.amc-arnsberg.org\/index.php?rest_route=%2Fwp%2Fv2%2Fcategories&post=1414"},{"taxonomy":"post_tag","embeddable":true,"href":"https:\/\/www.amc-arnsberg.org\/index.php?rest_route=%2Fwp%2Fv2%2Ftags&post=1414"}],"curies":[{"name":"wp","href":"https:\/\/api.w.org\/{rel}","templated":true}]}}