{"id":1277,"date":"2014-12-16T14:52:26","date_gmt":"2014-12-16T13:52:26","guid":{"rendered":"http:\/\/amc-arnsberg.org\/?p=1277"},"modified":"2014-12-16T16:18:29","modified_gmt":"2014-12-16T15:18:29","slug":"65-jahr-feier-des-amc-arnsberg","status":"publish","type":"post","link":"https:\/\/www.amc-arnsberg.org\/?p=1277","title":{"rendered":"65 Jahr Feier des AMC-Arnsberg"},"content":{"rendered":"<p>Der AMC besteht nunmehr seit 65 Jahren und feierte dieses Jubil\u00e4um im Rahmen seiner traditionellen Weihnachtsfeier am <strong>12.12.2014<\/strong> im Vereinslokal <em>\u00e2\u20ac\u0153Dorfsch\u00e4nke K\u00f6rner\u00e2\u20ac\u009d in Bruchhausen<\/em>. Alle Mitglieder und die Helfer der 22. Arnsberger ADAC Klassik waren\u00c2\u00a0mit ihren Partnern zur Jubil\u00e4umsfeier mit gemeinsamen Gr\u00fcnkohlessen eingeladen.<\/p>\n<p>Nach den Vortr\u00e4gen zur Geschichte des Traditionsvereins durch Gerd Schulte, Heinz Schulte-Hobein und Andre Behrensdorf wurden viele Mitglieder\u00c2\u00a0f\u00fcr besondere Verdienste, langj\u00e4hrige Mitgliedschaft im AMC und im ADAC geehrt.<\/p>\n<p><a href=\"http:\/\/amc-arnsberg.org\/wp-content\/uploads\/2014\/12\/IMG_1270.jpg\"><img loading=\"lazy\" decoding=\"async\" class=\"alignleft size-medium wp-image-1278\" src=\"http:\/\/amc-arnsberg.org\/wp-content\/uploads\/2014\/12\/IMG_1270-300x225.jpg\" alt=\"IMG_1270\" width=\"300\" height=\"225\" srcset=\"https:\/\/www.amc-arnsberg.org\/wp-content\/uploads\/2014\/12\/IMG_1270-300x225.jpg 300w, https:\/\/www.amc-arnsberg.org\/wp-content\/uploads\/2014\/12\/IMG_1270-1024x768.jpg 1024w\" sizes=\"auto, (max-width: 300px) 100vw, 300px\" \/><\/a><\/p>\n<p>&nbsp;<\/p>\n<p>&nbsp;<\/p>\n<p>&nbsp;<\/p>\n<p>Das <strong>Highlight<\/strong> war dabei die Verleihung der Ewald-Kroth-Medallie an unsern langj\u00e4hrigen Sportleiter <strong>Erich Schriek<\/strong>.<\/p>\n<p><a href=\"http:\/\/amc-arnsberg.org\/wp-content\/uploads\/2014\/12\/IMG_1278-e1418737345865.jpg\"><img loading=\"lazy\" decoding=\"async\" class=\"alignleft size-medium wp-image-1280\" src=\"http:\/\/amc-arnsberg.org\/wp-content\/uploads\/2014\/12\/IMG_1278-e1418737345865-300x225.jpg\" alt=\"IMG_1278\" width=\"300\" height=\"225\" srcset=\"https:\/\/www.amc-arnsberg.org\/wp-content\/uploads\/2014\/12\/IMG_1278-e1418737345865-300x225.jpg 300w, https:\/\/www.amc-arnsberg.org\/wp-content\/uploads\/2014\/12\/IMG_1278-e1418737345865-1024x768.jpg 1024w\" sizes=\"auto, (max-width: 300px) 100vw, 300px\" \/><\/a><a href=\"http:\/\/amc-arnsberg.org\/wp-content\/uploads\/2014\/12\/IMG_1277.jpg\"><img loading=\"lazy\" decoding=\"async\" class=\"alignnone size-medium wp-image-1279\" src=\"http:\/\/amc-arnsberg.org\/wp-content\/uploads\/2014\/12\/IMG_1277-300x225.jpg\" alt=\"IMG_1277\" width=\"300\" height=\"225\" srcset=\"https:\/\/www.amc-arnsberg.org\/wp-content\/uploads\/2014\/12\/IMG_1277-300x225.jpg 300w, https:\/\/www.amc-arnsberg.org\/wp-content\/uploads\/2014\/12\/IMG_1277-1024x768.jpg 1024w\" sizes=\"auto, (max-width: 300px) 100vw, 300px\" \/><\/a><\/p>\n<p>Die geehrten Mitglieder f\u00fcr lange Vereinszugeh\u00f6rigkeit!<\/p>\n<p><a href=\"http:\/\/amc-arnsberg.org\/wp-content\/uploads\/2014\/12\/IMG_1279.jpg\"><img loading=\"lazy\" decoding=\"async\" class=\"alignnone size-medium wp-image-1281\" src=\"http:\/\/amc-arnsberg.org\/wp-content\/uploads\/2014\/12\/IMG_1279-300x225.jpg\" alt=\"IMG_1279\" width=\"300\" height=\"225\" srcset=\"https:\/\/www.amc-arnsberg.org\/wp-content\/uploads\/2014\/12\/IMG_1279-300x225.jpg 300w, https:\/\/www.amc-arnsberg.org\/wp-content\/uploads\/2014\/12\/IMG_1279-1024x768.jpg 1024w\" sizes=\"auto, (max-width: 300px) 100vw, 300px\" \/><\/a><\/p>\n<p>Der Bericht von der 65-Jahr-Feier am 15.12.2014 in der Westfalenpost\/Westf\u00e4lischen Rundschau.<\/p>\n<p><a href=\"http:\/\/amc-arnsberg.org\/wp-content\/uploads\/2014\/12\/WR.jpg\"><img loading=\"lazy\" decoding=\"async\" class=\"alignleft size-large wp-image-1282\" src=\"http:\/\/amc-arnsberg.org\/wp-content\/uploads\/2014\/12\/WR-1024x409.jpg\" alt=\"WR\" width=\"640\" height=\"255\" srcset=\"https:\/\/www.amc-arnsberg.org\/wp-content\/uploads\/2014\/12\/WR-1024x409.jpg 1024w, https:\/\/www.amc-arnsberg.org\/wp-content\/uploads\/2014\/12\/WR-300x119.jpg 300w\" sizes=\"auto, (max-width: 640px) 100vw, 640px\" \/><\/a><\/p>\n<p>&nbsp;<\/p>\n<p>Weitere Bilder und die Pr\u00e4sentation zur Vereinsgeschichte findet Ihr unter<\/p>\n<p><em><strong>Aktivit\u00e4ten &#8211; Feiern<\/strong><\/em><\/p>\n","protected":false},"excerpt":{"rendered":"<p>Der AMC besteht nunmehr seit 65 Jahren und feierte dieses Jubil\u00e4um im Rahmen seiner traditionellen Weihnachtsfeier am 12.12.2014 im Vereinslokal \u00e2\u20ac\u0153Dorfsch\u00e4nke K\u00f6rner\u00e2\u20ac\u009d in Bruchhausen. Alle Mitglieder und die Helfer der 22. Arnsberger ADAC Klassik waren\u00c2\u00a0mit ihren Partnern zur Jubil\u00e4umsfeier mit gemeinsamen Gr\u00fcnkohlessen eingeladen. Nach den Vortr\u00e4gen zur Geschichte des Traditionsvereins durch Gerd Schulte, Heinz Schulte-Hobein &hellip; <\/p>\n<p class=\"link-more\"><a href=\"https:\/\/www.amc-arnsberg.org\/?p=1277\" class=\"more-link\"><span class=\"screen-reader-text\">\u201e65 Jahr Feier des AMC-Arnsberg\u201c<\/span> weiterlesen<\/a><\/p>\n","protected":false},"author":2,"featured_media":0,"comment_status":"open","ping_status":"open","sticky":false,"template":"","format":"standard","meta":{"footnotes":""},"categories":[7],"tags":[],"class_list":["post-1277","post","type-post","status-publish","format-standard","hentry","category-termine"],"_links":{"self":[{"href":"https:\/\/www.amc-arnsberg.org\/index.php?rest_route=\/wp\/v2\/posts\/1277","targetHints":{"allow":["GET"]}}],"collection":[{"href":"https:\/\/www.amc-arnsberg.org\/index.php?rest_route=\/wp\/v2\/posts"}],"about":[{"href":"https:\/\/www.amc-arnsberg.org\/index.php?rest_route=\/wp\/v2\/types\/post"}],"author":[{"embeddable":true,"href":"https:\/\/www.amc-arnsberg.org\/index.php?rest_route=\/wp\/v2\/users\/2"}],"replies":[{"embeddable":true,"href":"https:\/\/www.amc-arnsberg.org\/index.php?rest_route=%2Fwp%2Fv2%2Fcomments&post=1277"}],"version-history":[{"count":3,"href":"https:\/\/www.amc-arnsberg.org\/index.php?rest_route=\/wp\/v2\/posts\/1277\/revisions"}],"predecessor-version":[{"id":1314,"href":"https:\/\/www.amc-arnsberg.org\/index.php?rest_route=\/wp\/v2\/posts\/1277\/revisions\/1314"}],"wp:attachment":[{"href":"https:\/\/www.amc-arnsberg.org\/index.php?rest_route=%2Fwp%2Fv2%2Fmedia&parent=1277"}],"wp:term":[{"taxonomy":"category","embeddable":true,"href":"https:\/\/www.amc-arnsberg.org\/index.php?rest_route=%2Fwp%2Fv2%2Fcategories&post=1277"},{"taxonomy":"post_tag","embeddable":true,"href":"https:\/\/www.amc-arnsberg.org\/index.php?rest_route=%2Fwp%2Fv2%2Ftags&post=1277"}],"curies":[{"name":"wp","href":"https:\/\/api.w.org\/{rel}","templated":true}]}}